{"id":1002,"date":"2018-06-28T11:06:22","date_gmt":"2018-06-28T14:06:22","guid":{"rendered":"http:\/\/www.revistarescatados.com.ar\/web\/?p=1002"},"modified":"2018-06-28T11:06:22","modified_gmt":"2018-06-28T14:06:22","slug":"la-provincia-invertira-casi-1-millon-de-pesos-en-reparaciones-de-escuelas-del-norte-provincial","status":"publish","type":"post","link":"https:\/\/www.revistarescatados.com.ar\/web\/2018\/06\/28\/la-provincia-invertira-casi-1-millon-de-pesos-en-reparaciones-de-escuelas-del-norte-provincial\/","title":{"rendered":"La provincia invertir\u00e1 casi 1 mill\u00f3n de pesos en reparaciones de escuelas del norte provincial"},"content":{"rendered":"<p><img loading=\"lazy\" class=\"aligncenter size-full wp-image-1004\" src=\"http:\/\/www.revistarescatados.com.ar\/web\/wp-content\/uploads\/2018\/06\/Rojas-y-Balague\u0301.jpeg\" alt=\"\" width=\"1280\" height=\"720\" srcset=\"https:\/\/www.revistarescatados.com.ar\/web\/wp-content\/uploads\/2018\/06\/Rojas-y-Balague\u0301.jpeg 1280w, https:\/\/www.revistarescatados.com.ar\/web\/wp-content\/uploads\/2018\/06\/Rojas-y-Balague\u0301-300x169.jpeg 300w, https:\/\/www.revistarescatados.com.ar\/web\/wp-content\/uploads\/2018\/06\/Rojas-y-Balague\u0301-768x432.jpeg 768w, https:\/\/www.revistarescatados.com.ar\/web\/wp-content\/uploads\/2018\/06\/Rojas-y-Balague\u0301-1024x576.jpeg 1024w\" sizes=\"(max-width: 1280px) 100vw, 1280px\" \/><\/p>\n<p><span style=\"color: #0000ff;\"><strong>El coordinador del Plan del Norte, Sergio Rojas, inform\u00f3 el Gobierno de Santa Fe entregar\u00e1 esta semana aportes por casi 1 mill\u00f3n de pesos del FANI, a dos escuelas del departamento Vera, destinados a refacciones varias. Una de ellas es la escuela N\u00ba 872 de KM 213 en Calchaqu\u00ed.<\/strong><\/span><\/p>\n<p>\u201cNo caben dudas que las obras de infraestructura en el norte provincial vienen dando respuestas que hac\u00eda tiempo eran necesarias y, espec\u00edficamente, las vinculadas con la educaci\u00f3n han generado grandes avances. Para recordar s\u00f3lo algunas, hemos construido jardines de infantes e inaugurado recientemente la escuela secundaria de Los Amores\u201d, comenz\u00f3 diciendo Rojas.<\/p>\n<p>En esa direcci\u00f3n, el coordinador explic\u00f3 que \u201ctambi\u00e9n era fundamental proseguir con otras obras que son peque\u00f1as pero no por eso menos necesarias en el territorio. En ese esquema, se enmarcan estas ayudas del FANI para otras escuelas del norte provincial\u201d.<\/p>\n<p>De esta manera, el Gobierno de Santa Fe invertir\u00e1 esta semana casi un mill\u00f3n de pesos, adjudicando 452.515 pesos a la Escuela N\u00ba 872 \u201cJuan Gregorio Las Heras\u201d del Desv\u00edo Km. 213, distrito Calchaqu\u00ed, para el arreglo de ba\u00f1os; y 481.850 pesos a la E.E.S.O. N\u00ba 316 \u201cJos\u00e9 Manuel Estrada\u201d de Tartagal, como primer desembolso para la reparaci\u00f3n de techos.<\/p>\n<p><span style=\"color: #0000ff;\"><strong>FANI<\/strong><\/span><\/p>\n<p>Los Fondos para Atenci\u00f3n de Necesidades Inmediatas (FANI) son partidas que la provincia destina a los establecimientos educativos, para cubrir necesidades de infraestructura o equipamiento, originadas por problemas que pongan en peligro la continuidad del normal desarrollo del ciclo lectivo.<\/p>\n","protected":false},"excerpt":{"rendered":"<p>El coordinador del Plan del Norte, Sergio Rojas, inform\u00f3 el Gobierno de Santa Fe entregar\u00e1 esta semana aportes por casi 1 mill\u00f3n de pesos del FANI, a dos escuelas del departamento Vera,&#46;&#46;&#46;<\/p>\n","protected":false},"author":1,"featured_media":1004,"comment_status":"closed","ping_status":"open","sticky":false,"template":"","format":"standard","meta":[],"categories":[2,3,15],"tags":[],"_links":{"self":[{"href":"https:\/\/www.revistarescatados.com.ar\/web\/wp-json\/wp\/v2\/posts\/1002"}],"collection":[{"href":"https:\/\/www.revistarescatados.com.ar\/web\/wp-json\/wp\/v2\/posts"}],"about":[{"href":"https:\/\/www.revistarescatados.com.ar\/web\/wp-json\/wp\/v2\/types\/post"}],"author":[{"embeddable":true,"href":"https:\/\/www.revistarescatados.com.ar\/web\/wp-json\/wp\/v2\/users\/1"}],"replies":[{"embeddable":true,"href":"https:\/\/www.revistarescatados.com.ar\/web\/wp-json\/wp\/v2\/comments?post=1002"}],"version-history":[{"count":1,"href":"https:\/\/www.revistarescatados.com.ar\/web\/wp-json\/wp\/v2\/posts\/1002\/revisions"}],"predecessor-version":[{"id":1005,"href":"https:\/\/www.revistarescatados.com.ar\/web\/wp-json\/wp\/v2\/posts\/1002\/revisions\/1005"}],"wp:featuredmedia":[{"embeddable":true,"href":"https:\/\/www.revistarescatados.com.ar\/web\/wp-json\/wp\/v2\/media\/1004"}],"wp:attachment":[{"href":"https:\/\/www.revistarescatados.com.ar\/web\/wp-json\/wp\/v2\/media?parent=1002"}],"wp:term":[{"taxonomy":"category","embeddable":true,"href":"https:\/\/www.revistarescatados.com.ar\/web\/wp-json\/wp\/v2\/categories?post=1002"},{"taxonomy":"post_tag","embeddable":true,"href":"https:\/\/www.revistarescatados.com.ar\/web\/wp-json\/wp\/v2\/tags?post=1002"}],"curies":[{"name":"wp","href":"https:\/\/api.w.org\/{rel}","templated":true}]}}