{"id":10034,"date":"2020-07-24T21:49:40","date_gmt":"2020-07-25T00:49:40","guid":{"rendered":"http:\/\/www.revistarescatados.com.ar\/web\/?p=10034"},"modified":"2020-07-24T21:49:42","modified_gmt":"2020-07-25T00:49:42","slug":"la-provincia-convoco-a-paritaria-salarial-docente","status":"publish","type":"post","link":"https:\/\/www.revistarescatados.com.ar\/web\/2020\/07\/24\/la-provincia-convoco-a-paritaria-salarial-docente\/","title":{"rendered":"La provincia convoc\u00f3 a paritaria salarial docente"},"content":{"rendered":"\n<figure class=\"wp-block-image size-large\"><img loading=\"lazy\" width=\"722\" height=\"442\" src=\"http:\/\/www.revistarescatados.com.ar\/web\/wp-content\/uploads\/2020\/06\/clases-con-barbijo.jpeg\" alt=\"\" class=\"wp-image-9549\" srcset=\"https:\/\/www.revistarescatados.com.ar\/web\/wp-content\/uploads\/2020\/06\/clases-con-barbijo.jpeg 722w, https:\/\/www.revistarescatados.com.ar\/web\/wp-content\/uploads\/2020\/06\/clases-con-barbijo-300x184.jpeg 300w\" sizes=\"(max-width: 722px) 100vw, 722px\" \/><\/figure>\n\n\n\n<p><strong><span class=\"has-inline-color has-vivid-red-color\">El pr\u00f3ximo viernes 31 de julio habr\u00e1 reuni\u00f3n paritaria para tratar salarios docentes. La decisi\u00f3n se conoci\u00f3 este mediod\u00eda tras el encuentro que mantuvieron este viernes sindicatos del Estado \u2013entre ellos Amsaf\u00e9\u2013 con los Ministerios de Trabajo y Educaci\u00f3n de la provincia.<\/span><\/strong><\/p>\n\n\n\n<p>Tal como destaca un comunicado de Amsaf\u00e9 provincial, la reuni\u00f3n de esta ma\u00f1ana fue llamada para \u201ctratar la evaluaci\u00f3n de los protocolos sanitarios y toda cuesti\u00f3n relacionada con la situaci\u00f3n de docentes\u201d. Tambi\u00e9n \u201cse abord\u00f3 la situaci\u00f3n de la vuelta a clases en las escuelas que est\u00e1n en localidades peque\u00f1as y regiones en las que no existe circulaci\u00f3n del virus\u201d.<\/p>\n\n\n\n<p>El mi\u00e9rcoles 29 habr\u00e1 otro encuentro formal con el gobierno para \u201ctratar cuestiones relacionadas con los niveles y modalidades\u201d, en tanto que al viernes siguiente ser\u00e1 la de la paritaria salarial.<\/p>\n\n\n\n<p>En el encuentro de esta ma\u00f1ana se plante\u00f3 \u2013se\u00f1ala el comunicado de Amsaf\u00e9\u2013 la urgente convocatoria a tratar salarios (cuesti\u00f3n que qued\u00f3 saldada en la reuni\u00f3n), adem\u00e1s de abordar otros temas principales como las condiciones de trabajo, los cronogramas de concursos de secundaria, tambi\u00e9n de suplencias y concursos de todos los niveles y modalidades, entre otras cuestiones propias de la carrera docente.<\/p>\n\n\n\n<p>\u201cDesde Amsaf\u00e9 se sostuvo que el derecho a la educaci\u00f3n se garantiza resguardando el derecho a la salud de las y los trabajadorxs y alumnxs, por lo que el regreso a la presencialidad debe ser especialmente cuidado, estudiado, teniendo en cuenta la situaci\u00f3n epidemiol\u00f3gica, lo edilicio, el transporte\u201d, destaca el comunicado.<\/p>\n","protected":false},"excerpt":{"rendered":"<p>El pr\u00f3ximo viernes 31 de julio habr\u00e1 reuni\u00f3n paritaria para tratar salarios docentes. La decisi\u00f3n se conoci\u00f3 este mediod\u00eda tras el encuentro que mantuvieron este viernes sindicatos del Estado \u2013entre ellos Amsaf\u00e9\u2013&#46;&#46;&#46;<\/p>\n","protected":false},"author":1,"featured_media":9549,"comment_status":"closed","ping_status":"open","sticky":false,"template":"","format":"standard","meta":[],"categories":[15,10,12],"tags":[],"_links":{"self":[{"href":"https:\/\/www.revistarescatados.com.ar\/web\/wp-json\/wp\/v2\/posts\/10034"}],"collection":[{"href":"https:\/\/www.revistarescatados.com.ar\/web\/wp-json\/wp\/v2\/posts"}],"about":[{"href":"https:\/\/www.revistarescatados.com.ar\/web\/wp-json\/wp\/v2\/types\/post"}],"author":[{"embeddable":true,"href":"https:\/\/www.revistarescatados.com.ar\/web\/wp-json\/wp\/v2\/users\/1"}],"replies":[{"embeddable":true,"href":"https:\/\/www.revistarescatados.com.ar\/web\/wp-json\/wp\/v2\/comments?post=10034"}],"version-history":[{"count":1,"href":"https:\/\/www.revistarescatados.com.ar\/web\/wp-json\/wp\/v2\/posts\/10034\/revisions"}],"predecessor-version":[{"id":10035,"href":"https:\/\/www.revistarescatados.com.ar\/web\/wp-json\/wp\/v2\/posts\/10034\/revisions\/10035"}],"wp:featuredmedia":[{"embeddable":true,"href":"https:\/\/www.revistarescatados.com.ar\/web\/wp-json\/wp\/v2\/media\/9549"}],"wp:attachment":[{"href":"https:\/\/www.revistarescatados.com.ar\/web\/wp-json\/wp\/v2\/media?parent=10034"}],"wp:term":[{"taxonomy":"category","embeddable":true,"href":"https:\/\/www.revistarescatados.com.ar\/web\/wp-json\/wp\/v2\/categories?post=10034"},{"taxonomy":"post_tag","embeddable":true,"href":"https:\/\/www.revistarescatados.com.ar\/web\/wp-json\/wp\/v2\/tags?post=10034"}],"curies":[{"name":"wp","href":"https:\/\/api.w.org\/{rel}","templated":true}]}}