{"id":10039,"date":"2020-07-24T22:22:43","date_gmt":"2020-07-25T01:22:43","guid":{"rendered":"http:\/\/www.revistarescatados.com.ar\/web\/?p=10039"},"modified":"2020-07-24T22:22:45","modified_gmt":"2020-07-25T01:22:45","slug":"es-obligatorio-el-uso-de-tapabocas-en-la-via-publica-en-toda-la-provincia","status":"publish","type":"post","link":"https:\/\/www.revistarescatados.com.ar\/web\/2020\/07\/24\/es-obligatorio-el-uso-de-tapabocas-en-la-via-publica-en-toda-la-provincia\/","title":{"rendered":"Es obligatorio el uso de tapabocas en la v\u00eda p\u00fablica en toda la provincia"},"content":{"rendered":"\n<figure class=\"wp-block-image size-large\"><img loading=\"lazy\" width=\"1024\" height=\"578\" src=\"http:\/\/www.revistarescatados.com.ar\/web\/wp-content\/uploads\/2020\/04\/barbijo-1024x578.jpg\" alt=\"\" class=\"wp-image-8697\" srcset=\"https:\/\/www.revistarescatados.com.ar\/web\/wp-content\/uploads\/2020\/04\/barbijo-1024x578.jpg 1024w, https:\/\/www.revistarescatados.com.ar\/web\/wp-content\/uploads\/2020\/04\/barbijo-300x169.jpg 300w, https:\/\/www.revistarescatados.com.ar\/web\/wp-content\/uploads\/2020\/04\/barbijo-768x433.jpg 768w, https:\/\/www.revistarescatados.com.ar\/web\/wp-content\/uploads\/2020\/04\/barbijo.jpg 1196w\" sizes=\"(max-width: 1024px) 100vw, 1024px\" \/><\/figure>\n\n\n\n<p><strong><span class=\"has-inline-color has-vivid-red-color\">Tanto en lugares cerrados como abiertos, como en las salidas recreativas o en la v\u00eda p\u00fablica. Quedan exceptuados menores de 5 a\u00f1os.<\/span><\/strong><\/p>\n\n\n\n<p>La ministra de Salud provincial, Sonia Martorano, anunci\u00f3 que el uso del barbijo o tapaboca pasa a ser obligatorio en todo el \u00e1mbito de la provincia de Santa Fe en medio de la pandemia de coronavirus. Tanto en lugares cerrados como abiertos, como en las salidas recreativas o en la v\u00eda p\u00fablica.<\/p>\n\n\n\n<p>El anuncio lo hizo la ministra durante la emisi\u00f3n del parte epidemiol\u00f3gico nocturno en la provincia que entreg\u00f3 que en Rosario hubo 21 infectados y en la provincia hubo un total de 32.<\/p>\n\n\n\n<p>En rigor, Santa Fe ya hab\u00eda dispuesto el pasado 15 de abril el uso obligatorio del tapabocas, pero ahora hizo una ampliaci\u00f3n del decreto de ese momento y ahora pasara a ser en todo momento y en cualquier lugar. &#8220;El objetivo es aumentar los cuidados de los santafesinos&#8221;, argument\u00f3.<\/p>\n\n\n\n<p><strong>Ampliaci\u00f3n de la obligatoriedad de uso del tapabocas<\/strong><\/p>\n\n\n\n<p>?En toda la provincia<\/p>\n\n\n\n<p>?En todos los desplazamientos por la via p\u00fablica<\/p>\n\n\n\n<p>?En veh\u00edculos particulares para colocarlo al momento de detenerse por un control.<\/p>\n\n\n\n<p>Quedan exceptuados menores de 5 a\u00f1os<\/p>\n","protected":false},"excerpt":{"rendered":"<p>Tanto en lugares cerrados como abiertos, como en las salidas recreativas o en la v\u00eda p\u00fablica. Quedan exceptuados menores de 5 a\u00f1os. La ministra de Salud provincial, Sonia Martorano, anunci\u00f3 que el&#46;&#46;&#46;<\/p>\n","protected":false},"author":1,"featured_media":8697,"comment_status":"closed","ping_status":"open","sticky":false,"template":"","format":"standard","meta":[],"categories":[12,8],"tags":[],"_links":{"self":[{"href":"https:\/\/www.revistarescatados.com.ar\/web\/wp-json\/wp\/v2\/posts\/10039"}],"collection":[{"href":"https:\/\/www.revistarescatados.com.ar\/web\/wp-json\/wp\/v2\/posts"}],"about":[{"href":"https:\/\/www.revistarescatados.com.ar\/web\/wp-json\/wp\/v2\/types\/post"}],"author":[{"embeddable":true,"href":"https:\/\/www.revistarescatados.com.ar\/web\/wp-json\/wp\/v2\/users\/1"}],"replies":[{"embeddable":true,"href":"https:\/\/www.revistarescatados.com.ar\/web\/wp-json\/wp\/v2\/comments?post=10039"}],"version-history":[{"count":1,"href":"https:\/\/www.revistarescatados.com.ar\/web\/wp-json\/wp\/v2\/posts\/10039\/revisions"}],"predecessor-version":[{"id":10040,"href":"https:\/\/www.revistarescatados.com.ar\/web\/wp-json\/wp\/v2\/posts\/10039\/revisions\/10040"}],"wp:featuredmedia":[{"embeddable":true,"href":"https:\/\/www.revistarescatados.com.ar\/web\/wp-json\/wp\/v2\/media\/8697"}],"wp:attachment":[{"href":"https:\/\/www.revistarescatados.com.ar\/web\/wp-json\/wp\/v2\/media?parent=10039"}],"wp:term":[{"taxonomy":"category","embeddable":true,"href":"https:\/\/www.revistarescatados.com.ar\/web\/wp-json\/wp\/v2\/categories?post=10039"},{"taxonomy":"post_tag","embeddable":true,"href":"https:\/\/www.revistarescatados.com.ar\/web\/wp-json\/wp\/v2\/tags?post=10039"}],"curies":[{"name":"wp","href":"https:\/\/api.w.org\/{rel}","templated":true}]}}