{"id":1006,"date":"2018-06-28T11:09:07","date_gmt":"2018-06-28T14:09:07","guid":{"rendered":"http:\/\/www.revistarescatados.com.ar\/web\/?p=1006"},"modified":"2018-06-28T11:09:07","modified_gmt":"2018-06-28T14:09:07","slug":"la-provincia-y-amsafe-firmaron-un-convenio-para-la-construccion-de-viviendas-para-docentes-de-vera","status":"publish","type":"post","link":"https:\/\/www.revistarescatados.com.ar\/web\/2018\/06\/28\/la-provincia-y-amsafe-firmaron-un-convenio-para-la-construccion-de-viviendas-para-docentes-de-vera\/","title":{"rendered":"La provincia y AMSAFE firmaron un convenio para la construcci\u00f3n de viviendas para docentes de Vera"},"content":{"rendered":"<p><img loading=\"lazy\" class=\"aligncenter size-full wp-image-1007\" src=\"http:\/\/www.revistarescatados.com.ar\/web\/wp-content\/uploads\/2018\/06\/Convenio-firmado-entre-Gobierno-de-Santa-Fe-y-AMSAFE.jpg\" alt=\"\" width=\"800\" height=\"533\" srcset=\"https:\/\/www.revistarescatados.com.ar\/web\/wp-content\/uploads\/2018\/06\/Convenio-firmado-entre-Gobierno-de-Santa-Fe-y-AMSAFE.jpg 800w, https:\/\/www.revistarescatados.com.ar\/web\/wp-content\/uploads\/2018\/06\/Convenio-firmado-entre-Gobierno-de-Santa-Fe-y-AMSAFE-300x200.jpg 300w, https:\/\/www.revistarescatados.com.ar\/web\/wp-content\/uploads\/2018\/06\/Convenio-firmado-entre-Gobierno-de-Santa-Fe-y-AMSAFE-768x512.jpg 768w\" sizes=\"(max-width: 800px) 100vw, 800px\" \/><\/p>\n<p><span style=\"color: #0000ff;\"><strong>En el marco del Plan del Norte, el gobierno provincial y el gremio AMSAFE firmaron este mi\u00e9rcoles 27 un convenio para la construcci\u00f3n de 20 viviendas en el barrio Itat\u00ed de la ciudad de Vera.<\/strong><\/span><\/p>\n<p>\u201cEsta construcci\u00f3n de viviendas no es algo aislado, sino que es un proyecto parte de un convenio paritario que se lleva adelante en toda la provincia, porque el abordaje del Gobierno de Santa Fe es integral, ya que no alcanza con prever una escala salarial, sino que es necesaria una dignificaci\u00f3n total, y la vivienda es parte de ello\u201d, indic\u00f3 Lucas Crivelli, director provincial de Vivienda y Urbanismo.<\/p>\n<p>El funcionario se\u00f1al\u00f3 que \u201c\u00e9ste es el inicio de un proyecto puntual de Vera pero no de la pol\u00edtica habitacional porque a \u00e9sta la venimos llevando adelante desde la asunci\u00f3n del gobernador Lifschitz, con una asistencia de recursos muy importante, y con un principal hincapi\u00e9 en el norte santafesino. No podemos perder el tiempo, as\u00ed que esperamos volver en menos de 90 d\u00edas para la licitaci\u00f3n, y que lleguemos a empezar el proceso constructivo antes de fin de a\u00f1o, porque ser\u00eda ideal\u201d.<\/p>\n<p>Por su parte, Sergio Rojas felicit\u00f3 \u201cal municipio por ceder el terreno, y al gremio porque de esta manera demostramos el trabajo conjunto para darle soluciones concretas al personal docente de la ciudad de Vera. Es una realidad que el gobernador Lifschitz ha puesto la mirada en el norte, no solamente por esto, podemos observarlo cada vez que salimos y vemos las obras que est\u00e1n en marcha, no \u00fanicamente en el departamento Vera, sino tambi\u00e9n en General Obligado y 9 de Julio\u201d.<\/p>\n<p>Asimismo, el coordinador del Plan del Norte asegur\u00f3 que \u201cen el a\u00f1o 2016 se firmaron distintos convenios con municipios y comunas de los tres departamentos para la construcci\u00f3n de viviendas, de los cuales hoy todos est\u00e1n en marcha, algunos inaugurados y otros por licitar. El gobernador dec\u00eda en ese momento que todos los proyectos del Plan del Norte deb\u00edan comenzar durante su gesti\u00f3n; algunos terminar\u00e1n durante este per\u00edodo y otros quedar\u00e1n para culminarse m\u00e1s all\u00e1 del 2019. Eso marca la mirada de mediano y largo plazo que tiene el gobierno, no s\u00f3lo atendiendo las necesidades inmediatas\u201d.<\/p>\n<p>Seguidamente, el delegado seccional de AMSAFE, Aldo Pighin, explic\u00f3 que \u201ctodos estamos felices por este punto de partida, es una gesti\u00f3n que venimos impulsando desde el a\u00f1o 2010. Fuimos insistentes porque quer\u00edamos que esto se lleve adelante, debido a que es muy importante tener la vivienda propia. Sabemos la realidad que tenemos, muchos docentes son sost\u00e9n de familia y en ocasiones casi ni alcanza para el alquiler. Esperamos que podamos inaugurar estas viviendas, ubicadas en el barrio Itat\u00ed, en el corto plazo, para darle esa alegr\u00eda y satisfacci\u00f3n a nuestros docentes que tanto la necesitan\u201d.<\/p>\n<p>El intendente de Vera, Reynaldo Fabbroni, sostuvo que que el municipio \u201crealiz\u00f3 la donaci\u00f3n de este terreno en el cual se van a construir las viviendas para docentes de nuestra ciudad y hoy se est\u00e1 dando un paso important\u00edsimo en este proyecto. Sin dudas que la impronta que le ha dado el gobernador Lifschitz a la gesti\u00f3n y la celeridad con la que se han ejecutado distintas obras en nuestra provincia, es de destacar. Hoy se comienza a dar respuesta a 20 familias m\u00e1s de nuestra ciudad con estas soluciones habitacionales.<\/p>\n","protected":false},"excerpt":{"rendered":"<p>En el marco del Plan del Norte, el gobierno provincial y el gremio AMSAFE firmaron este mi\u00e9rcoles 27 un convenio para la construcci\u00f3n de 20 viviendas en el barrio Itat\u00ed de la&#46;&#46;&#46;<\/p>\n","protected":false},"author":1,"featured_media":1007,"comment_status":"closed","ping_status":"open","sticky":false,"template":"","format":"standard","meta":[],"categories":[3,16,15],"tags":[],"_links":{"self":[{"href":"https:\/\/www.revistarescatados.com.ar\/web\/wp-json\/wp\/v2\/posts\/1006"}],"collection":[{"href":"https:\/\/www.revistarescatados.com.ar\/web\/wp-json\/wp\/v2\/posts"}],"about":[{"href":"https:\/\/www.revistarescatados.com.ar\/web\/wp-json\/wp\/v2\/types\/post"}],"author":[{"embeddable":true,"href":"https:\/\/www.revistarescatados.com.ar\/web\/wp-json\/wp\/v2\/users\/1"}],"replies":[{"embeddable":true,"href":"https:\/\/www.revistarescatados.com.ar\/web\/wp-json\/wp\/v2\/comments?post=1006"}],"version-history":[{"count":1,"href":"https:\/\/www.revistarescatados.com.ar\/web\/wp-json\/wp\/v2\/posts\/1006\/revisions"}],"predecessor-version":[{"id":1008,"href":"https:\/\/www.revistarescatados.com.ar\/web\/wp-json\/wp\/v2\/posts\/1006\/revisions\/1008"}],"wp:featuredmedia":[{"embeddable":true,"href":"https:\/\/www.revistarescatados.com.ar\/web\/wp-json\/wp\/v2\/media\/1007"}],"wp:attachment":[{"href":"https:\/\/www.revistarescatados.com.ar\/web\/wp-json\/wp\/v2\/media?parent=1006"}],"wp:term":[{"taxonomy":"category","embeddable":true,"href":"https:\/\/www.revistarescatados.com.ar\/web\/wp-json\/wp\/v2\/categories?post=1006"},{"taxonomy":"post_tag","embeddable":true,"href":"https:\/\/www.revistarescatados.com.ar\/web\/wp-json\/wp\/v2\/tags?post=1006"}],"curies":[{"name":"wp","href":"https:\/\/api.w.org\/{rel}","templated":true}]}}