{"id":10061,"date":"2020-07-27T23:58:32","date_gmt":"2020-07-28T02:58:32","guid":{"rendered":"http:\/\/www.revistarescatados.com.ar\/web\/?p=10061"},"modified":"2020-07-27T23:58:34","modified_gmt":"2020-07-28T02:58:34","slug":"comienza-la-desinfeccion-de-los-establecimientos-educativos","status":"publish","type":"post","link":"https:\/\/www.revistarescatados.com.ar\/web\/2020\/07\/27\/comienza-la-desinfeccion-de-los-establecimientos-educativos\/","title":{"rendered":"Comienza la desinfecci\u00f3n de los establecimientos educativos"},"content":{"rendered":"\n<figure class=\"wp-block-image size-large is-resized\"><img loading=\"lazy\" src=\"http:\/\/www.revistarescatados.com.ar\/web\/wp-content\/uploads\/2020\/01\/asistente-escolar.jpg\" alt=\"\" class=\"wp-image-7827\" width=\"598\" height=\"449\" srcset=\"https:\/\/www.revistarescatados.com.ar\/web\/wp-content\/uploads\/2020\/01\/asistente-escolar.jpg 640w, https:\/\/www.revistarescatados.com.ar\/web\/wp-content\/uploads\/2020\/01\/asistente-escolar-300x225.jpg 300w\" sizes=\"(max-width: 598px) 100vw, 598px\" \/><\/figure>\n\n\n\n<p><strong><span class=\"has-inline-color has-vivid-red-color\">Luego del receso invernal, este lunes se retom\u00f3 el ciclo escolar. Desde el Ministerio de Educaci\u00f3n brindaron indicaciones y recomendaciones para las pr\u00f3ximas semanas.<\/span><\/strong><\/p>\n\n\n\n<p>El Ministerio de Educaci\u00f3n brind\u00f3 indicaciones y recomendaciones a docentes y asistentes escolares en el marco del retorno al ciclo lectivo este lunes en la provincia de Santa Fe.<\/p>\n\n\n\n<p><br>En ese sentido, durante la semana del 27 al 31 de julio, el personal de servicios generales y de mantenimiento volver\u00e1 a su labor espec\u00edfica a los fines de limpiar y desinfectar los edificios. Quedan exceptuados aquellas personas que posean factor de riesgo ante el COVID-19.<\/p>\n\n\n\n<p>Los equipos directivos son los responsables de organizar las tareas de los asistentes escolares y del personal docente. Todas las actividades deber\u00e1n realizarse bajo el cumplimiento de los protocolos y recomendaciones establecidos que hacen al cuidado de la salud.<\/p>\n\n\n\n<p>En tanto, la segunda y tercera semana, comprendidas entre el 3 y 18 de agosto, estar\u00e1n destinadas a la capacitaci\u00f3n institucional que compartir\u00e1n asistentes escolares y docentes a los fines de trabajar sobre el protocolo del Consejo Federal de Educaci\u00f3n, que indica y ordena los modos de habitar los espacios escolares y los cuidados.<\/p>\n\n\n\n<p>Tambi\u00e9n se informar\u00e1n acerca de los formatos pedag\u00f3gicos que van a regular el trabajo de ense\u00f1anza y aprendizaje de ni\u00f1os, ni\u00f1as y adolescentes en toda la escolaridad obligatoria.<\/p>\n\n\n\n<p>Dicha capacitaci\u00f3n ser\u00e1 una tarea a desarrollar en forma online, a excepci\u00f3n de aquellas situaciones donde por falta de conectividad amerite la posibilidad del encuentro presencial. El mismo no podr\u00e1 reunir a m\u00e1s de 10 personas en un mismo logar y deber\u00e1 llevarse a cabo con todas las prevenciones de rigor para el cuidado de la salud y la prevenci\u00f3n de los riesgos de contagio.<\/p>\n","protected":false},"excerpt":{"rendered":"<p>Luego del receso invernal, este lunes se retom\u00f3 el ciclo escolar. Desde el Ministerio de Educaci\u00f3n brindaron indicaciones y recomendaciones para las pr\u00f3ximas semanas. El Ministerio de Educaci\u00f3n brind\u00f3 indicaciones y recomendaciones&#46;&#46;&#46;<\/p>\n","protected":false},"author":1,"featured_media":7827,"comment_status":"closed","ping_status":"open","sticky":false,"template":"","format":"standard","meta":[],"categories":[15,12,8],"tags":[],"_links":{"self":[{"href":"https:\/\/www.revistarescatados.com.ar\/web\/wp-json\/wp\/v2\/posts\/10061"}],"collection":[{"href":"https:\/\/www.revistarescatados.com.ar\/web\/wp-json\/wp\/v2\/posts"}],"about":[{"href":"https:\/\/www.revistarescatados.com.ar\/web\/wp-json\/wp\/v2\/types\/post"}],"author":[{"embeddable":true,"href":"https:\/\/www.revistarescatados.com.ar\/web\/wp-json\/wp\/v2\/users\/1"}],"replies":[{"embeddable":true,"href":"https:\/\/www.revistarescatados.com.ar\/web\/wp-json\/wp\/v2\/comments?post=10061"}],"version-history":[{"count":1,"href":"https:\/\/www.revistarescatados.com.ar\/web\/wp-json\/wp\/v2\/posts\/10061\/revisions"}],"predecessor-version":[{"id":10062,"href":"https:\/\/www.revistarescatados.com.ar\/web\/wp-json\/wp\/v2\/posts\/10061\/revisions\/10062"}],"wp:featuredmedia":[{"embeddable":true,"href":"https:\/\/www.revistarescatados.com.ar\/web\/wp-json\/wp\/v2\/media\/7827"}],"wp:attachment":[{"href":"https:\/\/www.revistarescatados.com.ar\/web\/wp-json\/wp\/v2\/media?parent=10061"}],"wp:term":[{"taxonomy":"category","embeddable":true,"href":"https:\/\/www.revistarescatados.com.ar\/web\/wp-json\/wp\/v2\/categories?post=10061"},{"taxonomy":"post_tag","embeddable":true,"href":"https:\/\/www.revistarescatados.com.ar\/web\/wp-json\/wp\/v2\/tags?post=10061"}],"curies":[{"name":"wp","href":"https:\/\/api.w.org\/{rel}","templated":true}]}}