{"id":1009,"date":"2018-06-28T11:30:17","date_gmt":"2018-06-28T14:30:17","guid":{"rendered":"http:\/\/www.revistarescatados.com.ar\/web\/?p=1009"},"modified":"2018-06-28T11:32:20","modified_gmt":"2018-06-28T14:32:20","slug":"luis-pele-figueroa-asumio-como-secretario-de-seguridad-municipal","status":"publish","type":"post","link":"https:\/\/www.revistarescatados.com.ar\/web\/2018\/06\/28\/luis-pele-figueroa-asumio-como-secretario-de-seguridad-municipal\/","title":{"rendered":"Luis \u201cPel\u00e9\u201d Figueroa asumi\u00f3 como secretario de seguridad municipal"},"content":{"rendered":"<p><img loading=\"lazy\" class=\"aligncenter size-full wp-image-1010\" src=\"http:\/\/www.revistarescatados.com.ar\/web\/wp-content\/uploads\/2018\/06\/Asuncion-de-secretario-de-seguridad-calchaqui.jpg\" alt=\"\" width=\"1383\" height=\"848\" srcset=\"https:\/\/www.revistarescatados.com.ar\/web\/wp-content\/uploads\/2018\/06\/Asuncion-de-secretario-de-seguridad-calchaqui.jpg 1383w, https:\/\/www.revistarescatados.com.ar\/web\/wp-content\/uploads\/2018\/06\/Asuncion-de-secretario-de-seguridad-calchaqui-300x184.jpg 300w, https:\/\/www.revistarescatados.com.ar\/web\/wp-content\/uploads\/2018\/06\/Asuncion-de-secretario-de-seguridad-calchaqui-768x471.jpg 768w, https:\/\/www.revistarescatados.com.ar\/web\/wp-content\/uploads\/2018\/06\/Asuncion-de-secretario-de-seguridad-calchaqui-1024x628.jpg 1024w\" sizes=\"(max-width: 1383px) 100vw, 1383px\" \/><\/p>\n<p><span style=\"color: #0000ff;\"><strong>El intendente Rub\u00e9n Cuello tom\u00f3 juramento al oficial de polic\u00eda retirado, quien agradeci\u00f3 la confianza depositada y se\u00f1al\u00f3 que \u201cla seguridad la hacemos entre todos\u201d. Cuello se quej\u00f3 de la desidia del gobierno provincial ante los reclamos planteados hace unos meses.<\/strong><\/span><\/p>\n<p>Este jueves 28 de junio, en el despacho de la intendencia municipal, se llev\u00f3 a cabo el acto de asunci\u00f3n del nuevo secretario de seguridad. Por decreto N\u00ba 47 fue designado Luis Alcides Figueroa, un reconocido empleado policial ahora retirado. Del acto participaron los secretarios Antonella Beltramino y Eugenio Valiente, el concejal Fabi\u00e1n Acosta, el jefe de la comisar\u00eda II Mario Zalazar, miembros de la plana mayor de la URXIX de polic\u00eda, familiares y amigos.<\/p>\n<p>El intendente tom\u00f3 juramento de ley al flamante funcionario, quien se dirigi\u00f3 a los presentes muy emocionado agradeciendo la confianza y dijo \u201cpara m\u00ed es un honor muy grande, siempre trabaje de esto, haciendo lo que m\u00e1s pueda por Calchaqu\u00ed porque la seguridad la hacemos entre todos. Estar\u00e9 a disposici\u00f3n para trabajar por el bien de la comunidad\u201d.<\/p>\n<p>A su turno, el intendente Rub\u00e9n Cuello valor\u00f3 el gran aporte que har\u00e1 Figueroa a la gesti\u00f3n de seguridad, como tambi\u00e9n el contacto permanente con la polic\u00eda, a la que perteneci\u00f3 hasta hace poco tiempo, y su conocimiento de la ciudad. Tambi\u00e9n cuestion\u00f3 que el gobierno provincial no dio respuesta a los reclamos presentados por las autoridades locales hace unos meses ante la ola de hechos delictivos.<\/p>\n<p><em><strong>MIRA EL<a href=\"https:\/\/www.facebook.com\/pg\/Revista-Rescatados-161421006756\/photos\/?tab=album&amp;album_id=10156588459376757\"><span style=\"color: #0000ff;\"> ALBUM DE FOTOS<\/span><\/a><\/strong><\/em><\/p>\n","protected":false},"excerpt":{"rendered":"<p>El intendente Rub\u00e9n Cuello tom\u00f3 juramento al oficial de polic\u00eda retirado, quien agradeci\u00f3 la confianza depositada y se\u00f1al\u00f3 que \u201cla seguridad la hacemos entre todos\u201d. Cuello se quej\u00f3 de la desidia del&#46;&#46;&#46;<\/p>\n","protected":false},"author":1,"featured_media":1010,"comment_status":"closed","ping_status":"open","sticky":false,"template":"","format":"standard","meta":[],"categories":[2,3,16,8],"tags":[],"_links":{"self":[{"href":"https:\/\/www.revistarescatados.com.ar\/web\/wp-json\/wp\/v2\/posts\/1009"}],"collection":[{"href":"https:\/\/www.revistarescatados.com.ar\/web\/wp-json\/wp\/v2\/posts"}],"about":[{"href":"https:\/\/www.revistarescatados.com.ar\/web\/wp-json\/wp\/v2\/types\/post"}],"author":[{"embeddable":true,"href":"https:\/\/www.revistarescatados.com.ar\/web\/wp-json\/wp\/v2\/users\/1"}],"replies":[{"embeddable":true,"href":"https:\/\/www.revistarescatados.com.ar\/web\/wp-json\/wp\/v2\/comments?post=1009"}],"version-history":[{"count":2,"href":"https:\/\/www.revistarescatados.com.ar\/web\/wp-json\/wp\/v2\/posts\/1009\/revisions"}],"predecessor-version":[{"id":1012,"href":"https:\/\/www.revistarescatados.com.ar\/web\/wp-json\/wp\/v2\/posts\/1009\/revisions\/1012"}],"wp:featuredmedia":[{"embeddable":true,"href":"https:\/\/www.revistarescatados.com.ar\/web\/wp-json\/wp\/v2\/media\/1010"}],"wp:attachment":[{"href":"https:\/\/www.revistarescatados.com.ar\/web\/wp-json\/wp\/v2\/media?parent=1009"}],"wp:term":[{"taxonomy":"category","embeddable":true,"href":"https:\/\/www.revistarescatados.com.ar\/web\/wp-json\/wp\/v2\/categories?post=1009"},{"taxonomy":"post_tag","embeddable":true,"href":"https:\/\/www.revistarescatados.com.ar\/web\/wp-json\/wp\/v2\/tags?post=1009"}],"curies":[{"name":"wp","href":"https:\/\/api.w.org\/{rel}","templated":true}]}}