{"id":10112,"date":"2020-07-30T01:23:02","date_gmt":"2020-07-30T04:23:02","guid":{"rendered":"http:\/\/www.revistarescatados.com.ar\/web\/?p=10112"},"modified":"2020-07-30T01:23:04","modified_gmt":"2020-07-30T04:23:04","slug":"secuestraron-una-escopeta-sin-papeles-en-calchaqui","status":"publish","type":"post","link":"https:\/\/www.revistarescatados.com.ar\/web\/2020\/07\/30\/secuestraron-una-escopeta-sin-papeles-en-calchaqui\/","title":{"rendered":"Secuestraron una escopeta sin papeles en Calchaqu\u00ed"},"content":{"rendered":"\n<figure class=\"wp-block-image size-large\"><img loading=\"lazy\" width=\"720\" height=\"960\" src=\"http:\/\/www.revistarescatados.com.ar\/web\/wp-content\/uploads\/2020\/07\/secuestro-de-arma.jpg\" alt=\"\" class=\"wp-image-10113\" srcset=\"https:\/\/www.revistarescatados.com.ar\/web\/wp-content\/uploads\/2020\/07\/secuestro-de-arma.jpg 720w, https:\/\/www.revistarescatados.com.ar\/web\/wp-content\/uploads\/2020\/07\/secuestro-de-arma-225x300.jpg 225w\" sizes=\"(max-width: 720px) 100vw, 720px\" \/><\/figure>\n\n\n\n<p><strong><span class=\"has-inline-color has-vivid-red-color\">Estaba en poder un hombre de 77 a\u00f1os, que conduc\u00eda un R12 remolcando un bote en la zona rural. No pose\u00eda documentaci\u00f3n del arma de fuego y fue notificado por tal infracci\u00f3n.<\/span><\/strong><\/p>\n\n\n\n<p>De patrullaje preventivo por zona rural de Calchaqu\u00ed, Los Pumas interceptaron en camino rural, un autom\u00f3vil marca Renault 12, color rojo, remolcando un bote con motor siendo conducido por un ciudadano de 77 a\u00f1os de edad; acompa\u00f1ado por un sujeto mayor de edad.<\/p>\n\n\n\n<p>Luego de una requisa, procedieron al Secuestro preventivo de una Escopeta sin marca visible, calibre 16, de un solo ca\u00f1o, sin numeraci\u00f3n visible, de regular estado de conservaci\u00f3n, como as\u00ed tambi\u00e9n cartuchos del mismo calibre. Al ser consultado por la documentaci\u00f3n del arma de fuego, manifest\u00f3 no poseerla.<\/p>\n\n\n\n<p>Los hombres &nbsp;fueron invitados a comparecer a la dependencia policial, donde se notific\u00f3 al conductor de 77 a\u00f1os de edad, por &#8221; Infracci\u00f3n al Art. 189 Bis inc. II C.P.A.&#8221; (Tenencia Indebida de arma de fuego de uso civil).<\/p>\n\n\n\n<p>Una vez finiquitados tr\u00e1mites de rigor se retiran de dicha sede en estado de libertad, sin tomarse otra medida restrictiva. Interviene UFI &#8211; VERA.-<\/p>\n","protected":false},"excerpt":{"rendered":"<p>Estaba en poder un hombre de 77 a\u00f1os, que conduc\u00eda un R12 remolcando un bote en la zona rural. No pose\u00eda documentaci\u00f3n del arma de fuego y fue notificado por tal infracci\u00f3n.&#46;&#46;&#46;<\/p>\n","protected":false},"author":1,"featured_media":10113,"comment_status":"closed","ping_status":"open","sticky":false,"template":"","format":"standard","meta":[],"categories":[2,3,11],"tags":[],"_links":{"self":[{"href":"https:\/\/www.revistarescatados.com.ar\/web\/wp-json\/wp\/v2\/posts\/10112"}],"collection":[{"href":"https:\/\/www.revistarescatados.com.ar\/web\/wp-json\/wp\/v2\/posts"}],"about":[{"href":"https:\/\/www.revistarescatados.com.ar\/web\/wp-json\/wp\/v2\/types\/post"}],"author":[{"embeddable":true,"href":"https:\/\/www.revistarescatados.com.ar\/web\/wp-json\/wp\/v2\/users\/1"}],"replies":[{"embeddable":true,"href":"https:\/\/www.revistarescatados.com.ar\/web\/wp-json\/wp\/v2\/comments?post=10112"}],"version-history":[{"count":1,"href":"https:\/\/www.revistarescatados.com.ar\/web\/wp-json\/wp\/v2\/posts\/10112\/revisions"}],"predecessor-version":[{"id":10114,"href":"https:\/\/www.revistarescatados.com.ar\/web\/wp-json\/wp\/v2\/posts\/10112\/revisions\/10114"}],"wp:featuredmedia":[{"embeddable":true,"href":"https:\/\/www.revistarescatados.com.ar\/web\/wp-json\/wp\/v2\/media\/10113"}],"wp:attachment":[{"href":"https:\/\/www.revistarescatados.com.ar\/web\/wp-json\/wp\/v2\/media?parent=10112"}],"wp:term":[{"taxonomy":"category","embeddable":true,"href":"https:\/\/www.revistarescatados.com.ar\/web\/wp-json\/wp\/v2\/categories?post=10112"},{"taxonomy":"post_tag","embeddable":true,"href":"https:\/\/www.revistarescatados.com.ar\/web\/wp-json\/wp\/v2\/tags?post=10112"}],"curies":[{"name":"wp","href":"https:\/\/api.w.org\/{rel}","templated":true}]}}