{"id":10139,"date":"2020-08-01T02:08:17","date_gmt":"2020-08-01T05:08:17","guid":{"rendered":"http:\/\/www.revistarescatados.com.ar\/web\/?p=10139"},"modified":"2020-08-01T02:10:39","modified_gmt":"2020-08-01T05:10:39","slug":"cuello-anuncio-importante-obra-de-ripiado-urbano-en-calchaqui-video","status":"publish","type":"post","link":"https:\/\/www.revistarescatados.com.ar\/web\/2020\/08\/01\/cuello-anuncio-importante-obra-de-ripiado-urbano-en-calchaqui-video\/","title":{"rendered":"Cuello anunci\u00f3 importante obra de ripiado urbano en Calchaqu\u00ed (video)"},"content":{"rendered":"\n<figure class=\"wp-block-image size-large\"><img loading=\"lazy\" width=\"1024\" height=\"683\" src=\"http:\/\/www.revistarescatados.com.ar\/web\/wp-content\/uploads\/2020\/08\/cuello-ripiado-1024x683.jpg\" alt=\"\" class=\"wp-image-10140\" srcset=\"https:\/\/www.revistarescatados.com.ar\/web\/wp-content\/uploads\/2020\/08\/cuello-ripiado-1024x683.jpg 1024w, https:\/\/www.revistarescatados.com.ar\/web\/wp-content\/uploads\/2020\/08\/cuello-ripiado-300x200.jpg 300w, https:\/\/www.revistarescatados.com.ar\/web\/wp-content\/uploads\/2020\/08\/cuello-ripiado-768x512.jpg 768w, https:\/\/www.revistarescatados.com.ar\/web\/wp-content\/uploads\/2020\/08\/cuello-ripiado.jpg 1383w\" sizes=\"(max-width: 1024px) 100vw, 1024px\" \/><\/figure>\n\n\n\n<p><strong><span class=\"has-inline-color has-vivid-red-color\">Junto a funcionarios del gobierno provincial, el intendente anunci\u00f3 el mejorado p\u00e9treo de los accesos sobre calle San Mart\u00edn al sur y norte de la ciudad como tambi\u00e9n de calle Ej\u00e9rcito Argentino. Adem\u00e1s de la inclusi\u00f3n del proyecto para la construcci\u00f3n de la terminal de \u00f3mnibus y el ripiado de la ruta 38 hasta Alejandra.<\/span><\/strong><\/p>\n\n\n\n<p>El jueves 30 de julio se llev\u00f3 a cabo la firma del convenio con Vialidad Provincial para el ripiado de la calle San Mart\u00edn, desde Col\u00f3n hasta el \u00c1rea Industrial; como tambi\u00e9n en su extremo norte, desde la bajada de la ruta. Adem\u00e1s del estabilizado granular de calle Ej\u00e9rcito Argentino, desde San Mart\u00edn hasta ruta 11 y Sargento Cabral, entre Col\u00f3n y Ejercito Argentino. La inversi\u00f3n alcanzar\u00eda os 10 millones de pesos e incluye desag\u00fces y obras complementarias. En los pr\u00f3ximos 15 d\u00edas ya se empezar\u00edan los trabajos de mejorado.<\/p>\n\n\n\n<p>De la conferencia de prensa, realizada este viernes 31 de julio en la sede municipal,  particip\u00f3 Santiago Felipoff (Subsecretario de Pol\u00edticas de Inclusi\u00f3n y Desarrollo Territorial), David Priolo (Subsecretario de Planificaci\u00f3n Estrat\u00e9gica) y Amado Zorz\u00f3n (Secretario de H\u00e1bitat, Vivienda y Urbanismo), quienes definieron l\u00edneas estrat\u00e9gicas para concretar acciones pol\u00edticas en nuestra ciudad.<\/p>\n\n\n\n<figure class=\"wp-block-embed-facebook wp-block-embed is-type-video is-provider-facebook\"><div class=\"wp-block-embed__wrapper\">\n<div id=\"fb-root\"><\/div><script async=\"1\" defer=\"1\" crossorigin=\"anonymous\" src=\"https:\/\/connect.facebook.net\/en_US\/sdk.js#xfbml=1&amp;version=v7.0\" nonce=\"nRlLmGGn\"><\/script><div class=\"fb-video\" data-href=\"https:\/\/www.facebook.com\/rescatados.calchaqui.5\/videos\/580095159341035\/\" data-width=\"500\"><blockquote cite=\"https:\/\/www.facebook.com\/rescatados.calchaqui.5\/videos\/580095159341035\/\" class=\"fb-xfbml-parse-ignore\"><a href=\"https:\/\/www.facebook.com\/rescatados.calchaqui.5\/videos\/580095159341035\/\"><\/a><p>ANUNCIOS DE OBRAS PUBLICAS EN CALCHAQUIRealiz\u00f3 el intendente Rub\u00e9n Cuello en una conferencia de prensa junto a funcionarios provinciales:  Santiago Felipoff (Subsecretario de Pol\u00edticas de Inclusi\u00f3n y Desarrollo Territorial), David Priolo (Subsecretario de Planificaci\u00f3n Estrat\u00e9gica), Amado Zorz\u00f3n (Secretario de H\u00e1bitat, Vivienda y Urbanismo).<\/p>Posted by <a href=\"https:\/\/www.facebook.com\/rescatados.calchaqui.5\/\">Rescatados Television &#8211; Calchaqui<\/a> on Friday, July 31, 2020<\/blockquote><\/div>\n<\/div><\/figure>\n\n\n\n<p>Santiago Felipoff destac\u00f3 que una de las premisas de trabajo del gobierno provincial es tener presencia en el territorio. Y remarc\u00f3 que la articulaci\u00f3n con el Ministerio de Infraestructura es fundamental para posibilitar la atenci\u00f3n de demandas sociales de manera integral.<\/p>\n\n\n\n<p>Por su parte, Amado Zorz\u00f3n manifest\u00f3 que existe una gran demanda de vivienda en cada distrito provincial, y que se est\u00e1 trabajando para la eliminaci\u00f3n de viviendas precarias. Tambi\u00e9n que se est\u00e1n ejecutando obras para atender a situaciones de emergencia habitacional.<\/p>\n\n\n\n<p>Uno de los proyectos anunciados por David Priolo es que se comenzar\u00e1 con la construcci\u00f3n de la terminal de \u00f3mnibus sobre la Ruta 11.<\/p>\n\n\n\n<p>Finalmente Cuello anunci\u00f3 que se incluir\u00e1 en el presupuesto provincial, el ripiado integral de la RP 38 que une Calchaqu\u00ed con Alejandra.<\/p>\n","protected":false},"excerpt":{"rendered":"<p>Junto a funcionarios del gobierno provincial, el intendente anunci\u00f3 el mejorado p\u00e9treo de los accesos sobre calle San Mart\u00edn al sur y norte de la ciudad como tambi\u00e9n de calle Ej\u00e9rcito Argentino.&#46;&#46;&#46;<\/p>\n","protected":false},"author":1,"featured_media":10140,"comment_status":"closed","ping_status":"open","sticky":false,"template":"","format":"standard","meta":[],"categories":[2,3,16,10],"tags":[],"_links":{"self":[{"href":"https:\/\/www.revistarescatados.com.ar\/web\/wp-json\/wp\/v2\/posts\/10139"}],"collection":[{"href":"https:\/\/www.revistarescatados.com.ar\/web\/wp-json\/wp\/v2\/posts"}],"about":[{"href":"https:\/\/www.revistarescatados.com.ar\/web\/wp-json\/wp\/v2\/types\/post"}],"author":[{"embeddable":true,"href":"https:\/\/www.revistarescatados.com.ar\/web\/wp-json\/wp\/v2\/users\/1"}],"replies":[{"embeddable":true,"href":"https:\/\/www.revistarescatados.com.ar\/web\/wp-json\/wp\/v2\/comments?post=10139"}],"version-history":[{"count":2,"href":"https:\/\/www.revistarescatados.com.ar\/web\/wp-json\/wp\/v2\/posts\/10139\/revisions"}],"predecessor-version":[{"id":10142,"href":"https:\/\/www.revistarescatados.com.ar\/web\/wp-json\/wp\/v2\/posts\/10139\/revisions\/10142"}],"wp:featuredmedia":[{"embeddable":true,"href":"https:\/\/www.revistarescatados.com.ar\/web\/wp-json\/wp\/v2\/media\/10140"}],"wp:attachment":[{"href":"https:\/\/www.revistarescatados.com.ar\/web\/wp-json\/wp\/v2\/media?parent=10139"}],"wp:term":[{"taxonomy":"category","embeddable":true,"href":"https:\/\/www.revistarescatados.com.ar\/web\/wp-json\/wp\/v2\/categories?post=10139"},{"taxonomy":"post_tag","embeddable":true,"href":"https:\/\/www.revistarescatados.com.ar\/web\/wp-json\/wp\/v2\/tags?post=10139"}],"curies":[{"name":"wp","href":"https:\/\/api.w.org\/{rel}","templated":true}]}}