{"id":10233,"date":"2020-08-06T15:40:57","date_gmt":"2020-08-06T18:40:57","guid":{"rendered":"http:\/\/www.revistarescatados.com.ar\/web\/?p=10233"},"modified":"2020-08-06T15:41:00","modified_gmt":"2020-08-06T18:41:00","slug":"confirman-un-caso-positivo-de-covid-19-en-vera-video","status":"publish","type":"post","link":"https:\/\/www.revistarescatados.com.ar\/web\/2020\/08\/06\/confirman-un-caso-positivo-de-covid-19-en-vera-video\/","title":{"rendered":"Confirman un caso positivo de Covid-19 en Vera (video)"},"content":{"rendered":"\n<figure class=\"wp-block-image size-large\"><img loading=\"lazy\" width=\"960\" height=\"720\" src=\"http:\/\/www.revistarescatados.com.ar\/web\/wp-content\/uploads\/2020\/08\/Posta-sanitaria-Vera.jpg\" alt=\"\" class=\"wp-image-10235\" srcset=\"https:\/\/www.revistarescatados.com.ar\/web\/wp-content\/uploads\/2020\/08\/Posta-sanitaria-Vera.jpg 960w, https:\/\/www.revistarescatados.com.ar\/web\/wp-content\/uploads\/2020\/08\/Posta-sanitaria-Vera-300x225.jpg 300w, https:\/\/www.revistarescatados.com.ar\/web\/wp-content\/uploads\/2020\/08\/Posta-sanitaria-Vera-768x576.jpg 768w\" sizes=\"(max-width: 960px) 100vw, 960px\" \/><\/figure>\n\n\n\n<p><strong><span class=\"has-inline-color has-vivid-red-color\">El coordinador de salud, Jorge Facelli, dio detalles sobre el segundo caso confirmado en el departamento Vera. Se trata de un polic\u00eda federal que trabaja en AMBA y que ayer estuvo en una reuni\u00f3n social en Margarita, incumpliendo el aislamiento en la ciudad de Vera.<\/span><\/strong><\/p>\n\n\n\n<p>En  video mensaje grabado este mediod\u00eda, el Dr. Jorge Facelli dio detalles sobre el caso que preocupa a las comunidades de Vera y Margarita. Si bien lleva tranquilidad de que la situaci\u00f3n estar\u00eda controlada y las personas que tuvieron contacto con el paciente estar\u00edan aislados.<\/p>\n\n\n\n<figure class=\"wp-block-embed\"><div class=\"wp-block-embed__wrapper\">\n<div style=\"width: 640px;\" class=\"wp-video\"><!--[if lt IE 9]><script>document.createElement('video');<\/script><![endif]-->\n<video class=\"wp-video-shortcode\" id=\"video-10233-1\" width=\"640\" height=\"360\" preload=\"metadata\" controls=\"controls\"><source type=\"video\/mp4\" src=\"http:\/\/www.revistarescatados.com.ar\/web\/wp-content\/uploads\/2020\/08\/Video-Facelli.mp4?_=1\" \/><a href=\"http:\/\/www.revistarescatados.com.ar\/web\/wp-content\/uploads\/2020\/08\/Video-Facelli.mp4\">http:\/\/www.revistarescatados.com.ar\/web\/wp-content\/uploads\/2020\/08\/Video-Facelli.mp4<\/a><\/video><\/div>\n<\/div><\/figure>\n","protected":false},"excerpt":{"rendered":"<p>El coordinador de salud, Jorge Facelli, dio detalles sobre el segundo caso confirmado en el departamento Vera. Se trata de un polic\u00eda federal que trabaja en AMBA y que ayer estuvo en&#46;&#46;&#46;<\/p>\n","protected":false},"author":1,"featured_media":10235,"comment_status":"closed","ping_status":"open","sticky":false,"template":"","format":"standard","meta":[],"categories":[3,9,8],"tags":[],"_links":{"self":[{"href":"https:\/\/www.revistarescatados.com.ar\/web\/wp-json\/wp\/v2\/posts\/10233"}],"collection":[{"href":"https:\/\/www.revistarescatados.com.ar\/web\/wp-json\/wp\/v2\/posts"}],"about":[{"href":"https:\/\/www.revistarescatados.com.ar\/web\/wp-json\/wp\/v2\/types\/post"}],"author":[{"embeddable":true,"href":"https:\/\/www.revistarescatados.com.ar\/web\/wp-json\/wp\/v2\/users\/1"}],"replies":[{"embeddable":true,"href":"https:\/\/www.revistarescatados.com.ar\/web\/wp-json\/wp\/v2\/comments?post=10233"}],"version-history":[{"count":1,"href":"https:\/\/www.revistarescatados.com.ar\/web\/wp-json\/wp\/v2\/posts\/10233\/revisions"}],"predecessor-version":[{"id":10236,"href":"https:\/\/www.revistarescatados.com.ar\/web\/wp-json\/wp\/v2\/posts\/10233\/revisions\/10236"}],"wp:featuredmedia":[{"embeddable":true,"href":"https:\/\/www.revistarescatados.com.ar\/web\/wp-json\/wp\/v2\/media\/10235"}],"wp:attachment":[{"href":"https:\/\/www.revistarescatados.com.ar\/web\/wp-json\/wp\/v2\/media?parent=10233"}],"wp:term":[{"taxonomy":"category","embeddable":true,"href":"https:\/\/www.revistarescatados.com.ar\/web\/wp-json\/wp\/v2\/categories?post=10233"},{"taxonomy":"post_tag","embeddable":true,"href":"https:\/\/www.revistarescatados.com.ar\/web\/wp-json\/wp\/v2\/tags?post=10233"}],"curies":[{"name":"wp","href":"https:\/\/api.w.org\/{rel}","templated":true}]}}