{"id":10237,"date":"2020-08-06T16:27:56","date_gmt":"2020-08-06T19:27:56","guid":{"rendered":"http:\/\/www.revistarescatados.com.ar\/web\/?p=10237"},"modified":"2020-08-06T16:33:20","modified_gmt":"2020-08-06T19:33:20","slug":"estaba-en-un-asado-en-margarita-y-se-entero-que-el-hisopado-le-dio-positivo","status":"publish","type":"post","link":"https:\/\/www.revistarescatados.com.ar\/web\/2020\/08\/06\/estaba-en-un-asado-en-margarita-y-se-entero-que-el-hisopado-le-dio-positivo\/","title":{"rendered":"\u201cEstaba en un asado en Margarita y se enter\u00f3 que el hisopado le dio positivo\u201d (audio)"},"content":{"rendered":"\n<figure class=\"wp-block-image size-large\"><img loading=\"lazy\" width=\"700\" height=\"510\" src=\"http:\/\/www.revistarescatados.com.ar\/web\/wp-content\/uploads\/2020\/08\/Asado.jpg\" alt=\"\" class=\"wp-image-10239\" srcset=\"https:\/\/www.revistarescatados.com.ar\/web\/wp-content\/uploads\/2020\/08\/Asado.jpg 700w, https:\/\/www.revistarescatados.com.ar\/web\/wp-content\/uploads\/2020\/08\/Asado-300x219.jpg 300w\" sizes=\"(max-width: 700px) 100vw, 700px\" \/><\/figure>\n\n\n\n<p><strong><span class=\"has-inline-color has-vivid-red-color\">As\u00ed lo confirm\u00f3 el presidente comunal de Margarita, Ariel Bola\u00f1o, quien calific\u00f3 de \u201cirresponsables\u201d las conductas en una entrevista con FMX de la localidad. \u201cTodos los participantes del cumplea\u00f1os quedaron en cuarentena\u201d.<\/span><\/strong><\/p>\n\n\n\n<p>El polic\u00eda de la fuerza federal oriundo de Margarita, que ser\u00eda de apellido Ortega o Mart\u00ednez, viaj\u00f3 desde AMBA, con un test de covid-19. A pesar de la obligaci\u00f3n de cumplir con 14 d\u00edas de aislamiento, que inici\u00f3 el 30 de julio, que deb\u00eda acatar en la ciudad de Vera habr\u00eda estado en al menos dos ocasiones en su pueblo natal. \u00a0\u00a0<\/p>\n\n\n\n<p>Anoche estuvo en una reuni\u00f3n social en casa de un amigo, cuando se enter\u00f3 del resultado positivo del hisopado, ya que se lo inform\u00f3 \u00a0su esposa. \u201cTodos los participantes del cumplea\u00f1os quedaron en cuarentena\u201d, destac\u00f3. Habr\u00edan participado entre 5 o 6 personas de la cena.<\/p>\n\n\n\n<p>Bola\u00f1o insisti\u00f3 que tiene una doble responsabilidad, por haber estado en una zona de circulaci\u00f3n viral y haberse reunido con vecinos del pueblo.<\/p>\n\n\n\n<p>La Comuna de Margarita limitar\u00e1 los ingresos y se exigir\u00e1n los permisos de circulaci\u00f3n. \u201cNo queremos arriesgarnos a propagar el virus y para cuidar a los que vienen de afuera\u201d, indic\u00f3 el presidente comunal.<\/p>\n\n\n\n<p>Cuestion\u00f3 la actitud del numerario, que tiene una actividad esencial en AMBA, al no respetar las reglas propias de cuidados preventivos. A\u00fan m\u00e1s, sin tener un resultado definido del hisopado.<\/p>\n\n\n\n<p>Adem\u00e1s \u201cno est\u00e1 colaborando y nos genera un problema enorme\u201d. Aunque valor\u00f3 que los vecinos del pueblo si se han puesto a disposici\u00f3n y se autoaislaron. Tiene domicilio en la ciudad de Vera.<\/p>\n\n\n\n<p>El presidente \u00a0comunal Ariel Bola\u00f1o pidi\u00f3 a aquellos vecinos que estuvieron en contacto con este caso positivo desde el 30 de julio al 5 de agosto, lo informen a las autoridades de salud. Adem\u00e1s record\u00f3 que las reuniones sociales est\u00e1n suspendidas y quienes deseen ingresar al pueblo deber\u00e1n hacerlo con los permisos correspondientes.<\/p>\n\n\n\n<figure class=\"wp-block-embed\"><div class=\"wp-block-embed__wrapper\">\n<!--[if lt IE 9]><script>document.createElement('audio');<\/script><![endif]-->\n<audio class=\"wp-audio-shortcode\" id=\"audio-10237-1\" preload=\"none\" style=\"width: 100%;\" controls=\"controls\"><source type=\"audio\/mpeg\" src=\"http:\/\/www.revistarescatados.com.ar\/web\/wp-content\/uploads\/2020\/08\/BOLA\u00d1O.mp3?_=1\" \/><a href=\"http:\/\/www.revistarescatados.com.ar\/web\/wp-content\/uploads\/2020\/08\/BOLA\u00d1O.mp3\">http:\/\/www.revistarescatados.com.ar\/web\/wp-content\/uploads\/2020\/08\/BOLA\u00d1O.mp3<\/a><\/audio>\n<\/div><\/figure>\n\n\n\n<p><strong><em>Fuente: Juan Gabriel Duarte &#8211; FMX Margarita<\/em><\/strong><\/p>\n","protected":false},"excerpt":{"rendered":"<p>As\u00ed lo confirm\u00f3 el presidente comunal de Margarita, Ariel Bola\u00f1o, quien calific\u00f3 de \u201cirresponsables\u201d las conductas en una entrevista con FMX de la localidad. \u201cTodos los participantes del cumplea\u00f1os quedaron en cuarentena\u201d.&#46;&#46;&#46;<\/p>\n","protected":false},"author":1,"featured_media":10239,"comment_status":"closed","ping_status":"open","sticky":false,"template":"","format":"standard","meta":[],"categories":[3,16,8],"tags":[],"_links":{"self":[{"href":"https:\/\/www.revistarescatados.com.ar\/web\/wp-json\/wp\/v2\/posts\/10237"}],"collection":[{"href":"https:\/\/www.revistarescatados.com.ar\/web\/wp-json\/wp\/v2\/posts"}],"about":[{"href":"https:\/\/www.revistarescatados.com.ar\/web\/wp-json\/wp\/v2\/types\/post"}],"author":[{"embeddable":true,"href":"https:\/\/www.revistarescatados.com.ar\/web\/wp-json\/wp\/v2\/users\/1"}],"replies":[{"embeddable":true,"href":"https:\/\/www.revistarescatados.com.ar\/web\/wp-json\/wp\/v2\/comments?post=10237"}],"version-history":[{"count":3,"href":"https:\/\/www.revistarescatados.com.ar\/web\/wp-json\/wp\/v2\/posts\/10237\/revisions"}],"predecessor-version":[{"id":10242,"href":"https:\/\/www.revistarescatados.com.ar\/web\/wp-json\/wp\/v2\/posts\/10237\/revisions\/10242"}],"wp:featuredmedia":[{"embeddable":true,"href":"https:\/\/www.revistarescatados.com.ar\/web\/wp-json\/wp\/v2\/media\/10239"}],"wp:attachment":[{"href":"https:\/\/www.revistarescatados.com.ar\/web\/wp-json\/wp\/v2\/media?parent=10237"}],"wp:term":[{"taxonomy":"category","embeddable":true,"href":"https:\/\/www.revistarescatados.com.ar\/web\/wp-json\/wp\/v2\/categories?post=10237"},{"taxonomy":"post_tag","embeddable":true,"href":"https:\/\/www.revistarescatados.com.ar\/web\/wp-json\/wp\/v2\/tags?post=10237"}],"curies":[{"name":"wp","href":"https:\/\/api.w.org\/{rel}","templated":true}]}}