{"id":1024,"date":"2018-06-29T14:07:50","date_gmt":"2018-06-29T17:07:50","guid":{"rendered":"http:\/\/www.revistarescatados.com.ar\/web\/?p=1024"},"modified":"2018-06-29T14:07:50","modified_gmt":"2018-06-29T17:07:50","slug":"los-jovenes-se-capacitan-para-el-trabajo-en-calchaqui","status":"publish","type":"post","link":"https:\/\/www.revistarescatados.com.ar\/web\/2018\/06\/29\/los-jovenes-se-capacitan-para-el-trabajo-en-calchaqui\/","title":{"rendered":"Los j\u00f3venes se capacitan para el trabajo en Calchaqu\u00ed"},"content":{"rendered":"<p><img loading=\"lazy\" class=\"aligncenter size-full wp-image-1025\" src=\"http:\/\/www.revistarescatados.com.ar\/web\/wp-content\/uploads\/2018\/06\/Oficina-de-empleo.jpg\" alt=\"\" width=\"936\" height=\"728\" srcset=\"https:\/\/www.revistarescatados.com.ar\/web\/wp-content\/uploads\/2018\/06\/Oficina-de-empleo.jpg 936w, https:\/\/www.revistarescatados.com.ar\/web\/wp-content\/uploads\/2018\/06\/Oficina-de-empleo-300x233.jpg 300w, https:\/\/www.revistarescatados.com.ar\/web\/wp-content\/uploads\/2018\/06\/Oficina-de-empleo-768x597.jpg 768w\" sizes=\"(max-width: 936px) 100vw, 936px\" \/><\/p>\n<p><span style=\"color: #0000ff;\"><strong>Finaliz\u00f3 una nueva edici\u00f3n del Curso de Introducci\u00f3n al Trabajo (CIT). Veinte j\u00f3venes participaron de esta oportunidad de aprendizaje, destinada a que, quienes est\u00e9n en la b\u00fasqueda activa de Empleo, puedan tener m\u00e1s herramientas para conseguirlo.<\/strong><\/span><\/p>\n<p>Estos j\u00f3venes de entre 18 a 24 a\u00f1os, que no terminaron los estudios obligatorios, pertenecen al programa J\u00d3VENES y pueden participar de capacitaciones como la que termin\u00f3 y el Taller de Apoyo a la Empleabilidad que empezar\u00e1 el 6 de julio.<\/p>\n","protected":false},"excerpt":{"rendered":"<p>Finaliz\u00f3 una nueva edici\u00f3n del Curso de Introducci\u00f3n al Trabajo (CIT). Veinte j\u00f3venes participaron de esta oportunidad de aprendizaje, destinada a que, quienes est\u00e9n en la b\u00fasqueda activa de Empleo, puedan tener&#46;&#46;&#46;<\/p>\n","protected":false},"author":1,"featured_media":1025,"comment_status":"closed","ping_status":"open","sticky":false,"template":"","format":"standard","meta":[],"categories":[2,3,8],"tags":[],"_links":{"self":[{"href":"https:\/\/www.revistarescatados.com.ar\/web\/wp-json\/wp\/v2\/posts\/1024"}],"collection":[{"href":"https:\/\/www.revistarescatados.com.ar\/web\/wp-json\/wp\/v2\/posts"}],"about":[{"href":"https:\/\/www.revistarescatados.com.ar\/web\/wp-json\/wp\/v2\/types\/post"}],"author":[{"embeddable":true,"href":"https:\/\/www.revistarescatados.com.ar\/web\/wp-json\/wp\/v2\/users\/1"}],"replies":[{"embeddable":true,"href":"https:\/\/www.revistarescatados.com.ar\/web\/wp-json\/wp\/v2\/comments?post=1024"}],"version-history":[{"count":1,"href":"https:\/\/www.revistarescatados.com.ar\/web\/wp-json\/wp\/v2\/posts\/1024\/revisions"}],"predecessor-version":[{"id":1026,"href":"https:\/\/www.revistarescatados.com.ar\/web\/wp-json\/wp\/v2\/posts\/1024\/revisions\/1026"}],"wp:featuredmedia":[{"embeddable":true,"href":"https:\/\/www.revistarescatados.com.ar\/web\/wp-json\/wp\/v2\/media\/1025"}],"wp:attachment":[{"href":"https:\/\/www.revistarescatados.com.ar\/web\/wp-json\/wp\/v2\/media?parent=1024"}],"wp:term":[{"taxonomy":"category","embeddable":true,"href":"https:\/\/www.revistarescatados.com.ar\/web\/wp-json\/wp\/v2\/categories?post=1024"},{"taxonomy":"post_tag","embeddable":true,"href":"https:\/\/www.revistarescatados.com.ar\/web\/wp-json\/wp\/v2\/tags?post=1024"}],"curies":[{"name":"wp","href":"https:\/\/api.w.org\/{rel}","templated":true}]}}