{"id":10243,"date":"2020-08-06T16:39:31","date_gmt":"2020-08-06T19:39:31","guid":{"rendered":"http:\/\/www.revistarescatados.com.ar\/web\/?p=10243"},"modified":"2020-08-06T16:39:32","modified_gmt":"2020-08-06T19:39:32","slug":"upcn-y-ate-rechazan-el-bono-de-emergencia-de-la-provincia","status":"publish","type":"post","link":"https:\/\/www.revistarescatados.com.ar\/web\/2020\/08\/06\/upcn-y-ate-rechazan-el-bono-de-emergencia-de-la-provincia\/","title":{"rendered":"UPCN y ATE rechazan el bono de emergencia de la provincia"},"content":{"rendered":"\n<p><br><strong><span class=\"has-inline-color has-vivid-red-color\">Ambos gremios cuestionaron el decreto por ser una decisi\u00f3n unilateral. Reclaman seguir discutiendo en la mesa paritaria una recomposici\u00f3n salarial para que los trabajadores recuperen el poder adquisitivo.<\/span><\/strong><\/p>\n\n\n\n<figure class=\"wp-block-image size-large\"><img loading=\"lazy\" width=\"750\" height=\"380\" src=\"http:\/\/www.revistarescatados.com.ar\/web\/wp-content\/uploads\/2020\/08\/paritaria.jpeg\" alt=\"\" class=\"wp-image-10191\" srcset=\"https:\/\/www.revistarescatados.com.ar\/web\/wp-content\/uploads\/2020\/08\/paritaria.jpeg 750w, https:\/\/www.revistarescatados.com.ar\/web\/wp-content\/uploads\/2020\/08\/paritaria-300x152.jpeg 300w\" sizes=\"(max-width: 750px) 100vw, 750px\" \/><\/figure>\n\n\n\n<p>UPCN Santa Fe rechaz\u00f3 la asignaci\u00f3n Especial de Emergencia que anunci\u00f3 el gobierno (por decreto y por \u00fanica vez) y reivindica el \u00e1mbito de la Paritaria Central como espacio propicio y legalmente constituido para el dialogo y la discusi\u00f3n salarial de los trabajadores, en el marco de la Ley 10.052 de Convenci\u00f3n Colectiva de Trabajo<\/p>\n\n\n\n<p>Por este mismo motivo, UPCN solicit\u00f3 por nota con fecha 23 de Julio a las autoridades que de manera urgente se retomen las reuniones Paritarias, que sufrieron un impasse producto de la pandemia mundial, que implic\u00f3 las suspensiones de las negociaciones a mediados del mes de marzo.<\/p>\n\n\n\n<p>Por su parte, ATE tambi\u00e9n rechaz\u00f3 la decisi\u00f3n del Gobierno Provincial de pagar un bono a trabajadores\/as activos y pasivos y exige que se retome la discusi\u00f3n salarial en el \u00e1mbito de la Paritaria.<\/p>\n\n\n\n<p>Asimismo, manifiesta su disconformidad con la decisi\u00f3n de pagar por \u00fanica vez ese monto y reitera que continuar\u00e1 exigiendo el espacio de di\u00e1logo natural que son las Paritarias para debatir, entre otras problem\u00e1ticas, la pol\u00edtica salarial.<\/p>\n\n\n\n<p>ATE subray\u00f3 que esta decisi\u00f3n no fue consensuada en Paritarias que estaba citada para el pr\u00f3ximo lunes y que continuar\u00e1 exigiendo la necesidad de discutir la pol\u00edtica salarial.<\/p>\n","protected":false},"excerpt":{"rendered":"<p>Ambos gremios cuestionaron el decreto por ser una decisi\u00f3n unilateral. Reclaman seguir discutiendo en la mesa paritaria una recomposici\u00f3n salarial para que los trabajadores recuperen el poder adquisitivo. UPCN Santa Fe rechaz\u00f3&#46;&#46;&#46;<\/p>\n","protected":false},"author":1,"featured_media":10191,"comment_status":"closed","ping_status":"open","sticky":false,"template":"","format":"standard","meta":[],"categories":[10,13,12],"tags":[],"_links":{"self":[{"href":"https:\/\/www.revistarescatados.com.ar\/web\/wp-json\/wp\/v2\/posts\/10243"}],"collection":[{"href":"https:\/\/www.revistarescatados.com.ar\/web\/wp-json\/wp\/v2\/posts"}],"about":[{"href":"https:\/\/www.revistarescatados.com.ar\/web\/wp-json\/wp\/v2\/types\/post"}],"author":[{"embeddable":true,"href":"https:\/\/www.revistarescatados.com.ar\/web\/wp-json\/wp\/v2\/users\/1"}],"replies":[{"embeddable":true,"href":"https:\/\/www.revistarescatados.com.ar\/web\/wp-json\/wp\/v2\/comments?post=10243"}],"version-history":[{"count":1,"href":"https:\/\/www.revistarescatados.com.ar\/web\/wp-json\/wp\/v2\/posts\/10243\/revisions"}],"predecessor-version":[{"id":10244,"href":"https:\/\/www.revistarescatados.com.ar\/web\/wp-json\/wp\/v2\/posts\/10243\/revisions\/10244"}],"wp:featuredmedia":[{"embeddable":true,"href":"https:\/\/www.revistarescatados.com.ar\/web\/wp-json\/wp\/v2\/media\/10191"}],"wp:attachment":[{"href":"https:\/\/www.revistarescatados.com.ar\/web\/wp-json\/wp\/v2\/media?parent=10243"}],"wp:term":[{"taxonomy":"category","embeddable":true,"href":"https:\/\/www.revistarescatados.com.ar\/web\/wp-json\/wp\/v2\/categories?post=10243"},{"taxonomy":"post_tag","embeddable":true,"href":"https:\/\/www.revistarescatados.com.ar\/web\/wp-json\/wp\/v2\/tags?post=10243"}],"curies":[{"name":"wp","href":"https:\/\/api.w.org\/{rel}","templated":true}]}}