{"id":1047,"date":"2018-07-02T14:14:59","date_gmt":"2018-07-02T17:14:59","guid":{"rendered":"http:\/\/www.revistarescatados.com.ar\/web\/?p=1047"},"modified":"2018-07-02T14:14:59","modified_gmt":"2018-07-02T17:14:59","slug":"instalaron-un-termo-solar-en-plaza-central-en-vera-y-pintado","status":"publish","type":"post","link":"https:\/\/www.revistarescatados.com.ar\/web\/2018\/07\/02\/instalaron-un-termo-solar-en-plaza-central-en-vera-y-pintado\/","title":{"rendered":"Instalaron un termo solar en plaza central en Vera y Pintado"},"content":{"rendered":"<p><img loading=\"lazy\" class=\"aligncenter size-full wp-image-1048\" src=\"http:\/\/www.revistarescatados.com.ar\/web\/wp-content\/uploads\/2018\/07\/Vera-y-Pintado.jpg\" alt=\"\" width=\"538\" height=\"451\" srcset=\"https:\/\/www.revistarescatados.com.ar\/web\/wp-content\/uploads\/2018\/07\/Vera-y-Pintado.jpg 538w, https:\/\/www.revistarescatados.com.ar\/web\/wp-content\/uploads\/2018\/07\/Vera-y-Pintado-300x251.jpg 300w\" sizes=\"(max-width: 538px) 100vw, 538px\" \/><\/p>\n<p><span style=\"color: #0000ff;\"><strong>La Comuna de Vera y Pintado llev\u00f3 a cabo la instalaci\u00f3n de un termo solar que permite a los vecinos extraer agua caliente para el mate, caf\u00e9, etc. Dicho proyecto tiene como principal objetivo promover el uso de energ\u00edas renovables.<\/strong><\/span><\/p>\n<p>Cuenta con un tanque de Acero Inoxidable garantizando la durabilidad y aislaci\u00f3n de poliuretano expandido para asegurar la temperatura del agua. Adem\u00e1s de tubos aislados de vac\u00edo de alta eficiencia, a\u00fan en d\u00edas nublados. El intercambio de radiaci\u00f3n solar &#8211; calor captado; se realiza en menor tiempo que en otros sistemas ya superados por esta nueva y actual tecnolog\u00eda.<\/p>\n<p><span style=\"color: #0000ff;\"><strong>Transparencia en la web <\/strong><\/span><\/p>\n<p>Por otra parte, la Comuna lanz\u00f3 un nuevo espacio web (verayp.boletaweb.com.ar) destinado a que los ciudadanos puedan obtener en forma \u00e1gil y sencilla informaci\u00f3n sobre: detalle de deudas de tasas comunales, detalle de pagos de tasas comunales y emisi\u00f3n de tasas comunales para su pago.<\/p>\n<p>En dicha p\u00e1gina web se encuentra un instructivo para obtener el n\u00famero de padr\u00f3n y el c\u00f3digo de seguridad de Internet de cada usuario. Para m\u00e1s informaci\u00f3n pueden comunicarse a las oficinas comunales \u260e 3498 \u2013 496017.<\/p>\n","protected":false},"excerpt":{"rendered":"<p>La Comuna de Vera y Pintado llev\u00f3 a cabo la instalaci\u00f3n de un termo solar que permite a los vecinos extraer agua caliente para el mate, caf\u00e9, etc. Dicho proyecto tiene como&#46;&#46;&#46;<\/p>\n","protected":false},"author":1,"featured_media":1048,"comment_status":"closed","ping_status":"open","sticky":false,"template":"","format":"standard","meta":[],"categories":[4,14,8],"tags":[],"_links":{"self":[{"href":"https:\/\/www.revistarescatados.com.ar\/web\/wp-json\/wp\/v2\/posts\/1047"}],"collection":[{"href":"https:\/\/www.revistarescatados.com.ar\/web\/wp-json\/wp\/v2\/posts"}],"about":[{"href":"https:\/\/www.revistarescatados.com.ar\/web\/wp-json\/wp\/v2\/types\/post"}],"author":[{"embeddable":true,"href":"https:\/\/www.revistarescatados.com.ar\/web\/wp-json\/wp\/v2\/users\/1"}],"replies":[{"embeddable":true,"href":"https:\/\/www.revistarescatados.com.ar\/web\/wp-json\/wp\/v2\/comments?post=1047"}],"version-history":[{"count":1,"href":"https:\/\/www.revistarescatados.com.ar\/web\/wp-json\/wp\/v2\/posts\/1047\/revisions"}],"predecessor-version":[{"id":1049,"href":"https:\/\/www.revistarescatados.com.ar\/web\/wp-json\/wp\/v2\/posts\/1047\/revisions\/1049"}],"wp:featuredmedia":[{"embeddable":true,"href":"https:\/\/www.revistarescatados.com.ar\/web\/wp-json\/wp\/v2\/media\/1048"}],"wp:attachment":[{"href":"https:\/\/www.revistarescatados.com.ar\/web\/wp-json\/wp\/v2\/media?parent=1047"}],"wp:term":[{"taxonomy":"category","embeddable":true,"href":"https:\/\/www.revistarescatados.com.ar\/web\/wp-json\/wp\/v2\/categories?post=1047"},{"taxonomy":"post_tag","embeddable":true,"href":"https:\/\/www.revistarescatados.com.ar\/web\/wp-json\/wp\/v2\/tags?post=1047"}],"curies":[{"name":"wp","href":"https:\/\/api.w.org\/{rel}","templated":true}]}}