{"id":10473,"date":"2020-08-23T02:06:03","date_gmt":"2020-08-23T05:06:03","guid":{"rendered":"http:\/\/www.revistarescatados.com.ar\/web\/?p=10473"},"modified":"2020-08-23T02:06:05","modified_gmt":"2020-08-23T05:06:05","slug":"dos-trabajadores-provenientes-de-buenos-aires-estan-aislados-en-calchaqui","status":"publish","type":"post","link":"https:\/\/www.revistarescatados.com.ar\/web\/2020\/08\/23\/dos-trabajadores-provenientes-de-buenos-aires-estan-aislados-en-calchaqui\/","title":{"rendered":"Dos trabajadores provenientes de Buenos Aires est\u00e1n aislados en Calchaqu\u00ed"},"content":{"rendered":"\n<figure class=\"wp-block-image size-large\"><img loading=\"lazy\" width=\"960\" height=\"640\" src=\"http:\/\/www.revistarescatados.com.ar\/web\/wp-content\/uploads\/2020\/08\/Centro-de-aislamiento.jpg\" alt=\"\" class=\"wp-image-10474\" srcset=\"https:\/\/www.revistarescatados.com.ar\/web\/wp-content\/uploads\/2020\/08\/Centro-de-aislamiento.jpg 960w, https:\/\/www.revistarescatados.com.ar\/web\/wp-content\/uploads\/2020\/08\/Centro-de-aislamiento-300x200.jpg 300w, https:\/\/www.revistarescatados.com.ar\/web\/wp-content\/uploads\/2020\/08\/Centro-de-aislamiento-768x512.jpg 768w\" sizes=\"(max-width: 960px) 100vw, 960px\" \/><\/figure>\n\n\n\n<p><strong><span class=\"has-inline-color has-vivid-red-color\">En el Centro de Aislamiento del CIC, por prevenci\u00f3n, se encuentran aisladas dos j\u00f3venes de la comunidad aborigen, provenientes de la provincia de Buenos Aires. No tienen s\u00edntomas ni obligaci\u00f3n de presentar hisopado. Por lo que ser\u00e1n aislados preventivamente durante tres d\u00edas.<\/span><\/strong><\/p>\n\n\n\n<p>Las personas son residentes de nuestra comunidad, estuvieron trabajando en la localidad de Gral. Dorrego y arribaron a las 9.55 de este s\u00e1bado. Regresaron en una trafic junto a otros trabajadores que volvieron a sus lugares de origen en el Departamento Vera.<\/p>\n\n\n\n<p>Los trabajadores no tienen s\u00edntomas de COVID-19 y no tienen obligaci\u00f3n de presentar un hisopado negativo para ingresar a la provincia porque son residentes locales.<\/p>\n\n\n\n<p>Cabe aclarar que se tomaron todas las medidas correspondientes en el ingreso a la ciudad y que este regreso hab\u00eda sido comunicado previamente.<\/p>\n\n\n\n<p>&#8220;Esta medida de aislamiento es por prevenci\u00f3n y ser\u00e1 por 72 hs. El lunes se les realizar\u00e1 el hisopado. Luego, dependiendo del resultado del hisopado, podr\u00e1n regresar a sus domicilios particulares&#8221;, indic\u00f3 la directora del SAMCo Calchaqu\u00ed, Dra. Valeria Peralta.<\/p>\n","protected":false},"excerpt":{"rendered":"<p>En el Centro de Aislamiento del CIC, por prevenci\u00f3n, se encuentran aisladas dos j\u00f3venes de la comunidad aborigen, provenientes de la provincia de Buenos Aires. No tienen s\u00edntomas ni obligaci\u00f3n de presentar&#46;&#46;&#46;<\/p>\n","protected":false},"author":1,"featured_media":10474,"comment_status":"closed","ping_status":"open","sticky":false,"template":"","format":"standard","meta":[],"categories":[2,3,16,9,8],"tags":[],"_links":{"self":[{"href":"https:\/\/www.revistarescatados.com.ar\/web\/wp-json\/wp\/v2\/posts\/10473"}],"collection":[{"href":"https:\/\/www.revistarescatados.com.ar\/web\/wp-json\/wp\/v2\/posts"}],"about":[{"href":"https:\/\/www.revistarescatados.com.ar\/web\/wp-json\/wp\/v2\/types\/post"}],"author":[{"embeddable":true,"href":"https:\/\/www.revistarescatados.com.ar\/web\/wp-json\/wp\/v2\/users\/1"}],"replies":[{"embeddable":true,"href":"https:\/\/www.revistarescatados.com.ar\/web\/wp-json\/wp\/v2\/comments?post=10473"}],"version-history":[{"count":1,"href":"https:\/\/www.revistarescatados.com.ar\/web\/wp-json\/wp\/v2\/posts\/10473\/revisions"}],"predecessor-version":[{"id":10475,"href":"https:\/\/www.revistarescatados.com.ar\/web\/wp-json\/wp\/v2\/posts\/10473\/revisions\/10475"}],"wp:featuredmedia":[{"embeddable":true,"href":"https:\/\/www.revistarescatados.com.ar\/web\/wp-json\/wp\/v2\/media\/10474"}],"wp:attachment":[{"href":"https:\/\/www.revistarescatados.com.ar\/web\/wp-json\/wp\/v2\/media?parent=10473"}],"wp:term":[{"taxonomy":"category","embeddable":true,"href":"https:\/\/www.revistarescatados.com.ar\/web\/wp-json\/wp\/v2\/categories?post=10473"},{"taxonomy":"post_tag","embeddable":true,"href":"https:\/\/www.revistarescatados.com.ar\/web\/wp-json\/wp\/v2\/tags?post=10473"}],"curies":[{"name":"wp","href":"https:\/\/api.w.org\/{rel}","templated":true}]}}