{"id":10491,"date":"2020-08-25T01:32:40","date_gmt":"2020-08-25T04:32:40","guid":{"rendered":"http:\/\/www.revistarescatados.com.ar\/web\/?p=10491"},"modified":"2020-08-25T01:32:42","modified_gmt":"2020-08-25T04:32:42","slug":"trasplantaron-un-arbol-en-homenaje-a-una-de-las-impulsoras-de-la-canchita-los-amigos","status":"publish","type":"post","link":"https:\/\/www.revistarescatados.com.ar\/web\/2020\/08\/25\/trasplantaron-un-arbol-en-homenaje-a-una-de-las-impulsoras-de-la-canchita-los-amigos\/","title":{"rendered":"Trasplantaron un \u00e1rbol en homenaje a una de las impulsoras de la canchita &#8220;Los Amigos&#8221;"},"content":{"rendered":"\n<p> <\/p>\n\n\n\n<figure class=\"wp-block-image size-large\"><img loading=\"lazy\" width=\"960\" height=\"640\" src=\"http:\/\/www.revistarescatados.com.ar\/web\/wp-content\/uploads\/2020\/08\/Canchita-Los-Amigos.jpg\" alt=\"\" class=\"wp-image-10492\" srcset=\"https:\/\/www.revistarescatados.com.ar\/web\/wp-content\/uploads\/2020\/08\/Canchita-Los-Amigos.jpg 960w, https:\/\/www.revistarescatados.com.ar\/web\/wp-content\/uploads\/2020\/08\/Canchita-Los-Amigos-300x200.jpg 300w, https:\/\/www.revistarescatados.com.ar\/web\/wp-content\/uploads\/2020\/08\/Canchita-Los-Amigos-768x512.jpg 768w\" sizes=\"(max-width: 960px) 100vw, 960px\" \/><\/figure>\n\n\n\n<p><strong><span class=\"has-inline-color has-vivid-red-color\">Con la presencia de familiares, amigos y vecinos, se trasplant\u00f3 un \u00e1rbol en homenaje a la memoria de N\u00e9lida Vega y se coloc\u00f3 el cartel identificatorio en el predio ubicado en el barrio Santa Rosa, que fue integralmente reforestado y acondicionado.<\/span><\/strong><\/p>\n\n\n\n<p>Fue una de las impulsoras del proyecto de la canchita &#8220;Los Amigos&#8221;, ubicada en el barrio Santa Rosa al costado de la Ruta 11.<\/p>\n\n\n\n<p>Mediante un trabajo conjunto entre las Secretar\u00edas de Medio Ambiente, de Obras P\u00fablicas y de Desarrollo Social, en este espacio se colocaron bancos, se implantaron islas con flores y se traspantaron varios \u00e1rboles. Adem\u00e1s, se realiz\u00f3 el reacondicionamiento integral del terreno.<\/p>\n","protected":false},"excerpt":{"rendered":"<p>Con la presencia de familiares, amigos y vecinos, se trasplant\u00f3 un \u00e1rbol en homenaje a la memoria de N\u00e9lida Vega y se coloc\u00f3 el cartel identificatorio en el predio ubicado en el&#46;&#46;&#46;<\/p>\n","protected":false},"author":1,"featured_media":10492,"comment_status":"closed","ping_status":"open","sticky":false,"template":"","format":"standard","meta":[],"categories":[2,3,8],"tags":[],"_links":{"self":[{"href":"https:\/\/www.revistarescatados.com.ar\/web\/wp-json\/wp\/v2\/posts\/10491"}],"collection":[{"href":"https:\/\/www.revistarescatados.com.ar\/web\/wp-json\/wp\/v2\/posts"}],"about":[{"href":"https:\/\/www.revistarescatados.com.ar\/web\/wp-json\/wp\/v2\/types\/post"}],"author":[{"embeddable":true,"href":"https:\/\/www.revistarescatados.com.ar\/web\/wp-json\/wp\/v2\/users\/1"}],"replies":[{"embeddable":true,"href":"https:\/\/www.revistarescatados.com.ar\/web\/wp-json\/wp\/v2\/comments?post=10491"}],"version-history":[{"count":1,"href":"https:\/\/www.revistarescatados.com.ar\/web\/wp-json\/wp\/v2\/posts\/10491\/revisions"}],"predecessor-version":[{"id":10493,"href":"https:\/\/www.revistarescatados.com.ar\/web\/wp-json\/wp\/v2\/posts\/10491\/revisions\/10493"}],"wp:featuredmedia":[{"embeddable":true,"href":"https:\/\/www.revistarescatados.com.ar\/web\/wp-json\/wp\/v2\/media\/10492"}],"wp:attachment":[{"href":"https:\/\/www.revistarescatados.com.ar\/web\/wp-json\/wp\/v2\/media?parent=10491"}],"wp:term":[{"taxonomy":"category","embeddable":true,"href":"https:\/\/www.revistarescatados.com.ar\/web\/wp-json\/wp\/v2\/categories?post=10491"},{"taxonomy":"post_tag","embeddable":true,"href":"https:\/\/www.revistarescatados.com.ar\/web\/wp-json\/wp\/v2\/tags?post=10491"}],"curies":[{"name":"wp","href":"https:\/\/api.w.org\/{rel}","templated":true}]}}