{"id":105,"date":"2018-04-11T18:58:25","date_gmt":"2018-04-11T21:58:25","guid":{"rendered":"http:\/\/www.revistarescatados.com.ar\/web\/?p=105"},"modified":"2018-04-11T18:58:25","modified_gmt":"2018-04-11T21:58:25","slug":"el-gobierno-se-reunio-con-los-docentes-para-avanzar-en-el-temario-de-la-proxima-reunion-paritaria","status":"publish","type":"post","link":"https:\/\/www.revistarescatados.com.ar\/web\/2018\/04\/11\/el-gobierno-se-reunio-con-los-docentes-para-avanzar-en-el-temario-de-la-proxima-reunion-paritaria\/","title":{"rendered":"El gobierno se reuni\u00f3 con los docentes para avanzar en el temario de la pr\u00f3xima reuni\u00f3n paritaria"},"content":{"rendered":"<p><img loading=\"lazy\" class=\"aligncenter size-full wp-image-106\" src=\"http:\/\/www.revistarescatados.com.ar\/web\/wp-content\/uploads\/2018\/04\/Ministro-Pablo-Far\u00edas.jpg\" alt=\"\" width=\"1920\" height=\"1280\" srcset=\"https:\/\/www.revistarescatados.com.ar\/web\/wp-content\/uploads\/2018\/04\/Ministro-Pablo-Far\u00edas.jpg 1920w, https:\/\/www.revistarescatados.com.ar\/web\/wp-content\/uploads\/2018\/04\/Ministro-Pablo-Far\u00edas-300x200.jpg 300w, https:\/\/www.revistarescatados.com.ar\/web\/wp-content\/uploads\/2018\/04\/Ministro-Pablo-Far\u00edas-768x512.jpg 768w, https:\/\/www.revistarescatados.com.ar\/web\/wp-content\/uploads\/2018\/04\/Ministro-Pablo-Far\u00edas-1024x683.jpg 1024w\" sizes=\"(max-width: 1920px) 100vw, 1920px\" \/><\/p>\n<p><span style=\"color: #0000ff;\"><strong>Los ministros de Gobierno y Reforma del Estado, Pablo Far\u00edas, y de Educaci\u00f3n, Claudia Balagu\u00e9, recibieron este mi\u00e9rcoles en Casa de Gobierno en la ciudad de Santa Fe, a las secretarias generales de Amsaf\u00e9, Sonia Alesso, y de Sadop, Patricia Mounier, con el objetivo de avanzar en el temario de la pr\u00f3xima reuni\u00f3n paritaria.<\/strong><\/span><\/p>\n<p>Al respecto, Far\u00edas expres\u00f3 que en el encuentro \u201cavanzamos en diversos aspectos, ya que los dirigentes nos hicieron planteos sobre muchas situaciones de la vida docente y de c\u00f3mo se aplican e impactan los aumentos salariales en las distintas categor\u00edas\u201d.<\/p>\n<p>\u201cDe cada planteo van a tener una respuesta en la mesa paritaria. Lo que vamos a hacer en estos d\u00edas es elaborar el temario y luego convocar a los gremios\u201d, a\u00f1adi\u00f3.<\/p>\n<p>Luego, Far\u00edas destac\u00f3 que \u201cla paritaria nunca se cerr\u00f3, hay muchos temas que seguir tratando. Estamos analizando la nueva convocatoria a paritarias, porque b\u00e1sicamente lo que nos interesa es que en \u00e9se \u00e1mbito podamos destrabar el conflicto y no seguir en esta situaci\u00f3n\u201d.<\/p>\n<p>Finalmente, ratific\u00f3 que, desde el gobierno provincial, \u201csiempre planteamos que las medidas de fuerza no son la salida, necesitamos un marco de cierta paz, y de volver a la normalidad en las escuelas, que tengamos un per\u00edodo que permita que se normalice el dictado de clases ya que eso favorece los \u00e1mbitos de trabajo y de negociaci\u00f3n\u201d.<\/p>\n<p><iframe loading=\"lazy\" width=\"500\" height=\"281\" src=\"https:\/\/www.youtube.com\/embed\/dvRtA-HJdQY?feature=oembed&#038;wmode=opaque\" frameborder=\"0\" allow=\"autoplay; encrypted-media\" allowfullscreen><\/iframe><\/p>\n<p><span style=\"color: #0000ff;\"><strong>REPRESENTANTES GREMIALES<\/strong><\/span><\/p>\n<p>Por su parte, Alesso afirm\u00f3 que \u201clos dos gremios planteamos todo el escenario de los problemas que nosotros advertimos y vamos a ver qu\u00e9 pasa de aqu\u00ed en adelante\u201d.<\/p>\n<p>Por su parte, Mounier asegur\u00f3 que \u201cpara nosotros el \u00fanico marco que es v\u00e1lido es el de la paritaria, porque estamos convencidos de que ese es el \u00e1mbito donde, adem\u00e1s de discutir, se homologa cualquier tipo de acuerdo al que se pueda llegar\u201d.<\/p>\n<p>Tambi\u00e9n estuvieron presentes el secretario general de Sadop &#8211; delegaci\u00f3n Rosario, Mart\u00edn Lucero; y el secretario adjunto 1\u00ba de Amsaf\u00e9, Jos\u00e9 Francisco Testoni.<\/p>\n<p>&nbsp;<\/p>\n<p>&nbsp;<\/p>\n","protected":false},"excerpt":{"rendered":"<p>Los ministros de Gobierno y Reforma del Estado, Pablo Far\u00edas, y de Educaci\u00f3n, Claudia Balagu\u00e9, recibieron este mi\u00e9rcoles en Casa de Gobierno en la ciudad de Santa Fe, a las secretarias generales&#46;&#46;&#46;<\/p>\n","protected":false},"author":1,"featured_media":106,"comment_status":"open","ping_status":"open","sticky":false,"template":"","format":"standard","meta":[],"categories":[15,12],"tags":[],"_links":{"self":[{"href":"https:\/\/www.revistarescatados.com.ar\/web\/wp-json\/wp\/v2\/posts\/105"}],"collection":[{"href":"https:\/\/www.revistarescatados.com.ar\/web\/wp-json\/wp\/v2\/posts"}],"about":[{"href":"https:\/\/www.revistarescatados.com.ar\/web\/wp-json\/wp\/v2\/types\/post"}],"author":[{"embeddable":true,"href":"https:\/\/www.revistarescatados.com.ar\/web\/wp-json\/wp\/v2\/users\/1"}],"replies":[{"embeddable":true,"href":"https:\/\/www.revistarescatados.com.ar\/web\/wp-json\/wp\/v2\/comments?post=105"}],"version-history":[{"count":1,"href":"https:\/\/www.revistarescatados.com.ar\/web\/wp-json\/wp\/v2\/posts\/105\/revisions"}],"predecessor-version":[{"id":107,"href":"https:\/\/www.revistarescatados.com.ar\/web\/wp-json\/wp\/v2\/posts\/105\/revisions\/107"}],"wp:featuredmedia":[{"embeddable":true,"href":"https:\/\/www.revistarescatados.com.ar\/web\/wp-json\/wp\/v2\/media\/106"}],"wp:attachment":[{"href":"https:\/\/www.revistarescatados.com.ar\/web\/wp-json\/wp\/v2\/media?parent=105"}],"wp:term":[{"taxonomy":"category","embeddable":true,"href":"https:\/\/www.revistarescatados.com.ar\/web\/wp-json\/wp\/v2\/categories?post=105"},{"taxonomy":"post_tag","embeddable":true,"href":"https:\/\/www.revistarescatados.com.ar\/web\/wp-json\/wp\/v2\/tags?post=105"}],"curies":[{"name":"wp","href":"https:\/\/api.w.org\/{rel}","templated":true}]}}