{"id":10535,"date":"2020-08-27T01:53:25","date_gmt":"2020-08-27T04:53:25","guid":{"rendered":"http:\/\/www.revistarescatados.com.ar\/web\/?p=10535"},"modified":"2020-08-27T01:53:51","modified_gmt":"2020-08-27T04:53:51","slug":"se-ajustaran-los-controles-en-el-ingreso-y-protocolos-de-actividades-en-calchaqui","status":"publish","type":"post","link":"https:\/\/www.revistarescatados.com.ar\/web\/2020\/08\/27\/se-ajustaran-los-controles-en-el-ingreso-y-protocolos-de-actividades-en-calchaqui\/","title":{"rendered":"Se ajustar\u00e1n los controles en el ingreso y protocolos de actividades en Calchaqu\u00ed (audio)"},"content":{"rendered":"\n<figure class=\"wp-block-image size-large\"><img loading=\"lazy\" width=\"960\" height=\"720\" src=\"http:\/\/www.revistarescatados.com.ar\/web\/wp-content\/uploads\/2018\/10\/Bvard-Belgrano-Calchaqui.jpg\" alt=\"\" class=\"wp-image-2268\" srcset=\"https:\/\/www.revistarescatados.com.ar\/web\/wp-content\/uploads\/2018\/10\/Bvard-Belgrano-Calchaqui.jpg 960w, https:\/\/www.revistarescatados.com.ar\/web\/wp-content\/uploads\/2018\/10\/Bvard-Belgrano-Calchaqui-300x225.jpg 300w, https:\/\/www.revistarescatados.com.ar\/web\/wp-content\/uploads\/2018\/10\/Bvard-Belgrano-Calchaqui-768x576.jpg 768w\" sizes=\"(max-width: 960px) 100vw, 960px\" \/><\/figure>\n\n\n\n<p><strong><span class=\"has-inline-color has-vivid-red-color\">El intendente Rub\u00e9n Cuello, junto a los concejales, brind\u00f3 detalles de la nueva normativa de la Fase 3. Pidi\u00f3 un mayor esfuerzo a la comunidad para respetar los nuevos horarios establecidos, uso de barbijos y los protocolos de cada rubro habilitado.<\/span><\/strong><\/p>\n\n\n\n<p>En la tarde del mi\u00e9rcoles 26 de agosto, el intendente brind\u00f3 declaraciones a medios locales. All\u00ed destac\u00f3 que no se permitir\u00e1 el ingreso de estudiantes que residan en la ciudad de Santa Fe durante estos 15 d\u00edas como visitas afectivas. Asimismo se\u00f1al\u00f3 que no se podr\u00e1 realizar actividades como la pesca y se intensificar\u00e1n los controles de los protocolos.<\/p>\n\n\n\n<p>En este sentido, el concejal Livio Beltramino insisti\u00f3 que el mantenimiento de cada actividad depender\u00e1 del cumplimiento de las medidas preventivas sino se aplicar\u00e1n duras sanciones.<\/p>\n\n\n\n<p><strong><em>Audio: Gentileza Taty Reynolds<\/em><\/strong><\/p>\n\n\n\n<figure class=\"wp-block-embed is-type-rich is-provider-gestor-del-servicio\"><div class=\"wp-block-embed__wrapper\">\n<!--[if lt IE 9]><script>document.createElement('audio');<\/script><![endif]-->\n<audio class=\"wp-audio-shortcode\" id=\"audio-10535-1\" preload=\"none\" style=\"width: 100%;\" controls=\"controls\"><source type=\"audio\/mpeg\" src=\"http:\/\/www.revistarescatados.com.ar\/web\/wp-content\/uploads\/2020\/08\/conferencia-fase-3.mp3?_=1\" \/><a href=\"http:\/\/www.revistarescatados.com.ar\/web\/wp-content\/uploads\/2020\/08\/conferencia-fase-3.mp3\">http:\/\/www.revistarescatados.com.ar\/web\/wp-content\/uploads\/2020\/08\/conferencia-fase-3.mp3<\/a><\/audio>\n<\/div><\/figure>\n","protected":false},"excerpt":{"rendered":"<p>El intendente Rub\u00e9n Cuello, junto a los concejales, brind\u00f3 detalles de la nueva normativa de la Fase 3. Pidi\u00f3 un mayor esfuerzo a la comunidad para respetar los nuevos horarios establecidos, uso&#46;&#46;&#46;<\/p>\n","protected":false},"author":1,"featured_media":2268,"comment_status":"closed","ping_status":"open","sticky":false,"template":"","format":"standard","meta":[],"categories":[2,3,10,8],"tags":[],"_links":{"self":[{"href":"https:\/\/www.revistarescatados.com.ar\/web\/wp-json\/wp\/v2\/posts\/10535"}],"collection":[{"href":"https:\/\/www.revistarescatados.com.ar\/web\/wp-json\/wp\/v2\/posts"}],"about":[{"href":"https:\/\/www.revistarescatados.com.ar\/web\/wp-json\/wp\/v2\/types\/post"}],"author":[{"embeddable":true,"href":"https:\/\/www.revistarescatados.com.ar\/web\/wp-json\/wp\/v2\/users\/1"}],"replies":[{"embeddable":true,"href":"https:\/\/www.revistarescatados.com.ar\/web\/wp-json\/wp\/v2\/comments?post=10535"}],"version-history":[{"count":2,"href":"https:\/\/www.revistarescatados.com.ar\/web\/wp-json\/wp\/v2\/posts\/10535\/revisions"}],"predecessor-version":[{"id":10538,"href":"https:\/\/www.revistarescatados.com.ar\/web\/wp-json\/wp\/v2\/posts\/10535\/revisions\/10538"}],"wp:featuredmedia":[{"embeddable":true,"href":"https:\/\/www.revistarescatados.com.ar\/web\/wp-json\/wp\/v2\/media\/2268"}],"wp:attachment":[{"href":"https:\/\/www.revistarescatados.com.ar\/web\/wp-json\/wp\/v2\/media?parent=10535"}],"wp:term":[{"taxonomy":"category","embeddable":true,"href":"https:\/\/www.revistarescatados.com.ar\/web\/wp-json\/wp\/v2\/categories?post=10535"},{"taxonomy":"post_tag","embeddable":true,"href":"https:\/\/www.revistarescatados.com.ar\/web\/wp-json\/wp\/v2\/tags?post=10535"}],"curies":[{"name":"wp","href":"https:\/\/api.w.org\/{rel}","templated":true}]}}