{"id":10541,"date":"2020-08-27T20:46:22","date_gmt":"2020-08-27T23:46:22","guid":{"rendered":"http:\/\/www.revistarescatados.com.ar\/web\/?p=10541"},"modified":"2020-08-27T20:46:24","modified_gmt":"2020-08-27T23:46:24","slug":"no-habra-repitencias-y-las-promociones-se-definiran-en-2021","status":"publish","type":"post","link":"https:\/\/www.revistarescatados.com.ar\/web\/2020\/08\/27\/no-habra-repitencias-y-las-promociones-se-definiran-en-2021\/","title":{"rendered":"No habr\u00e1 repitencias y las promociones se definir\u00e1n en 2021"},"content":{"rendered":"\n<figure class=\"wp-block-image size-large\"><img loading=\"lazy\" width=\"1024\" height=\"576\" src=\"http:\/\/www.revistarescatados.com.ar\/web\/wp-content\/uploads\/2020\/05\/estudiantes-1024x576.jpg\" alt=\"\" class=\"wp-image-9200\" srcset=\"https:\/\/www.revistarescatados.com.ar\/web\/wp-content\/uploads\/2020\/05\/estudiantes-1024x576.jpg 1024w, https:\/\/www.revistarescatados.com.ar\/web\/wp-content\/uploads\/2020\/05\/estudiantes-300x169.jpg 300w, https:\/\/www.revistarescatados.com.ar\/web\/wp-content\/uploads\/2020\/05\/estudiantes-768x432.jpg 768w, https:\/\/www.revistarescatados.com.ar\/web\/wp-content\/uploads\/2020\/05\/estudiantes.jpg 1200w\" sizes=\"(max-width: 1024px) 100vw, 1024px\" \/><\/figure>\n\n\n\n<p><strong><span class=\"has-inline-color has-vivid-red-color\">Luego de participar de una nueva reuni\u00f3n del Consejo Federal de Educaci\u00f3n (CFE), la ministra de Educaci\u00f3n de Santa Fe, Adriana Cantero, confirm\u00f3 este mi\u00e9rcoles que se resolvi\u00f3 que no haya repitencia de alumnos en este a\u00f1o escolar, ni promociones autom\u00e1ticas, las cuales se definir\u00e1n en 2021.<\/span><\/strong><\/p>\n\n\n\n<p>Seg\u00fan lo aprobado por todas las provincias participantes del organismo, para la promoci\u00f3n se considerar\u00e1n cada grado escolar y el subsiguiente de los ciclos lectivos 2020 y 2021 como una unidad pedag\u00f3gica.<\/p>\n\n\n\n<p>En tanto, asegur\u00f3 la ministra, quedar\u00e1 a criterio de cada provincia \u201cc\u00f3mo se realizar\u00e1 la confirmaci\u00f3n del aprendizaje de cada estudiante\u201d. Seg\u00fan explic\u00f3 la funcionaria, \u201clos contenidos y metas de aprendizaje previstos para los grados considerados como una unidad, ser\u00e1n reorganizados de manera que puedan ser abordados entre este a\u00f1o y el pr\u00f3ximo&#8221;.<\/p>\n\n\n\n<p>Y a\u00f1adi\u00f3: \u201cSe decidi\u00f3 dejar para otro momento la calificaci\u00f3n num\u00e9rica, por el concepto mismo que tiene ese sistema, que mide ciertos resultados que hoy no pueden ser comparativos porque hay una enorme heterogeneidad en el modo de acceder a los aprendizajes\u201d.<\/p>\n\n\n\n<p>\u201cA los chicos -indic\u00f3- los alienta saber que su trayectoria escolar tiene continuidad; los chicos tienen muchas posibilidades de compensaci\u00f3n y han demostrado que pueden desplegar un mont\u00f3n de cualidades cognitivas\u201d.<\/p>\n\n\n\n<p>Finalmente, sobre el paso de un nivel educativo a otro, se resolvi\u00f3 que, en el caso de sala de 5, pasar\u00e1n directamente a primer grado. Mientras que en lo que respecta a los del \u00faltimo grado de primaria, tendr\u00e1n que rendir para pasar a primer a\u00f1o. En tanto que para los que terminan la secundaria en diciembre, se prev\u00e9 un m\u00f3dulo especial que ser\u00eda de aprobaci\u00f3n obligatoria.<\/p>\n","protected":false},"excerpt":{"rendered":"<p>Luego de participar de una nueva reuni\u00f3n del Consejo Federal de Educaci\u00f3n (CFE), la ministra de Educaci\u00f3n de Santa Fe, Adriana Cantero, confirm\u00f3 este mi\u00e9rcoles que se resolvi\u00f3 que no haya repitencia&#46;&#46;&#46;<\/p>\n","protected":false},"author":1,"featured_media":9200,"comment_status":"closed","ping_status":"open","sticky":false,"template":"","format":"standard","meta":[],"categories":[15,10,12],"tags":[],"_links":{"self":[{"href":"https:\/\/www.revistarescatados.com.ar\/web\/wp-json\/wp\/v2\/posts\/10541"}],"collection":[{"href":"https:\/\/www.revistarescatados.com.ar\/web\/wp-json\/wp\/v2\/posts"}],"about":[{"href":"https:\/\/www.revistarescatados.com.ar\/web\/wp-json\/wp\/v2\/types\/post"}],"author":[{"embeddable":true,"href":"https:\/\/www.revistarescatados.com.ar\/web\/wp-json\/wp\/v2\/users\/1"}],"replies":[{"embeddable":true,"href":"https:\/\/www.revistarescatados.com.ar\/web\/wp-json\/wp\/v2\/comments?post=10541"}],"version-history":[{"count":1,"href":"https:\/\/www.revistarescatados.com.ar\/web\/wp-json\/wp\/v2\/posts\/10541\/revisions"}],"predecessor-version":[{"id":10542,"href":"https:\/\/www.revistarescatados.com.ar\/web\/wp-json\/wp\/v2\/posts\/10541\/revisions\/10542"}],"wp:featuredmedia":[{"embeddable":true,"href":"https:\/\/www.revistarescatados.com.ar\/web\/wp-json\/wp\/v2\/media\/9200"}],"wp:attachment":[{"href":"https:\/\/www.revistarescatados.com.ar\/web\/wp-json\/wp\/v2\/media?parent=10541"}],"wp:term":[{"taxonomy":"category","embeddable":true,"href":"https:\/\/www.revistarescatados.com.ar\/web\/wp-json\/wp\/v2\/categories?post=10541"},{"taxonomy":"post_tag","embeddable":true,"href":"https:\/\/www.revistarescatados.com.ar\/web\/wp-json\/wp\/v2\/tags?post=10541"}],"curies":[{"name":"wp","href":"https:\/\/api.w.org\/{rel}","templated":true}]}}