{"id":10593,"date":"2020-08-31T13:15:50","date_gmt":"2020-08-31T16:15:50","guid":{"rendered":"http:\/\/www.revistarescatados.com.ar\/web\/?p=10593"},"modified":"2020-09-01T00:17:03","modified_gmt":"2020-09-01T03:17:03","slug":"establecen-nuevo-horario-comercial-corrido-de-7-a-19-horas-de-lunes-a-sabados-en-calchaqui-videos","status":"publish","type":"post","link":"https:\/\/www.revistarescatados.com.ar\/web\/2020\/08\/31\/establecen-nuevo-horario-comercial-corrido-de-7-a-19-horas-de-lunes-a-sabados-en-calchaqui-videos\/","title":{"rendered":"Establecen nuevo horario comercial en Calchaqu\u00ed (videos)"},"content":{"rendered":"\n<figure class=\"wp-block-image size-large\"><img loading=\"lazy\" width=\"1024\" height=\"467\" src=\"http:\/\/www.revistarescatados.com.ar\/web\/wp-content\/uploads\/2020\/08\/conferencia-de-prensa-1024x467.jpg\" alt=\"\" class=\"wp-image-10594\" srcset=\"https:\/\/www.revistarescatados.com.ar\/web\/wp-content\/uploads\/2020\/08\/conferencia-de-prensa-1024x467.jpg 1024w, https:\/\/www.revistarescatados.com.ar\/web\/wp-content\/uploads\/2020\/08\/conferencia-de-prensa-300x137.jpg 300w, https:\/\/www.revistarescatados.com.ar\/web\/wp-content\/uploads\/2020\/08\/conferencia-de-prensa-768x350.jpg 768w, https:\/\/www.revistarescatados.com.ar\/web\/wp-content\/uploads\/2020\/08\/conferencia-de-prensa.jpg 1114w\" sizes=\"(max-width: 1024px) 100vw, 1024px\" \/><\/figure>\n\n\n\n<p><strong><span class=\"has-inline-color has-vivid-red-color\">Las nuevas disposiciones rigen hasta el 14 de septiembre. Los servicios gastron\u00f3micos podr\u00e1n funcionar hasta las 23 horas con deliverys identificados. Queda prohibida la apertura de locales comerciales los d\u00edas domingos.<\/span><\/strong><\/p>\n\n\n\n<p>El intendente Rub\u00e9n Cuello, junto a la directora del hospital, Dra. Valeria Peralta, y las fuerzas de seguridad locales brindaron una conferencia de prensa.<\/p>\n\n\n\n<figure class=\"wp-block-embed-facebook wp-block-embed is-type-video is-provider-facebook\"><div class=\"wp-block-embed__wrapper\">\n<div id=\"fb-root\"><\/div><script async=\"1\" defer=\"1\" crossorigin=\"anonymous\" src=\"https:\/\/connect.facebook.net\/en_US\/sdk.js#xfbml=1&amp;version=v8.0\" nonce=\"r86gJWgv\"><\/script><div class=\"fb-video\" data-href=\"https:\/\/www.facebook.com\/711091835693490\/videos\/229843618423068\/?__so__=channel_tab&amp;__rv__=all_videos_card\" data-width=\"500\"><blockquote cite=\"https:\/\/www.facebook.com\/rescatados.calchaqui.5\/videos\/229843618423068\/\" class=\"fb-xfbml-parse-ignore\"><a href=\"https:\/\/www.facebook.com\/rescatados.calchaqui.5\/videos\/229843618423068\/\">CONFERENCIA DE PRENSA<\/a><p>HORARIO CORRIDO DE ATENCION COMERCIALEl intendente Ruben Cuello dio detalles del decreto N\u00b0 43 que establece un horario corrido de 7 a 19 horas, servicio gastronomico hasta las 23 horas con servicio de deliverys.<\/p>Posted by <a href=\"https:\/\/www.facebook.com\/rescatados.calchaqui.5\/\">Rescatados Television &#8211; Calchaqui<\/a> on Monday, August 31, 2020<\/blockquote><\/div>\n<\/div><\/figure>\n\n\n\n<p><\/p>\n\n\n\n<p>El intendente comunic\u00f3 las modificaciones en el Horario Comercial y las Nuevas Actividades Habilitadas.<\/p>\n\n\n\n<p><strong>\u25feDECRETO 043\/2020\u25fe<\/strong><\/p>\n\n\n\n<p>Los comercios y dem\u00e1s actividades habilitadas en la ciudad<br>de Calchaqu\u00ed en el marco de la Pandemia COVID-19, deber\u00e1n respetar los siguientes d\u00edas y horarios para la atenci\u00f3n al p\u00fablico: de lunes a s\u00e1bado de 7:00 hs a 19:00 hs., quedando prohibida la apertura de comercios los d\u00edas domingo. Est\u00e1n exceptuados de la aplicaci\u00f3n del presente las farmacias y Estaciones de Servicio.<\/p>\n\n\n\n<figure class=\"wp-block-embed-facebook wp-block-embed is-type-video is-provider-facebook\"><div class=\"wp-block-embed__wrapper\">\n<div id=\"fb-root\"><\/div><script async=\"1\" defer=\"1\" crossorigin=\"anonymous\" src=\"https:\/\/connect.facebook.net\/en_US\/sdk.js#xfbml=1&amp;version=v8.0\" nonce=\"oNBHUYsL\"><\/script><div class=\"fb-video\" data-href=\"https:\/\/www.facebook.com\/711091835693490\/videos\/806055333537895\/?__so__=channel_tab&amp;__rv__=all_videos_card\" data-width=\"500\"><blockquote cite=\"https:\/\/www.facebook.com\/rescatados.calchaqui.5\/videos\/806055333537895\/\" class=\"fb-xfbml-parse-ignore\"><a href=\"https:\/\/www.facebook.com\/rescatados.calchaqui.5\/videos\/806055333537895\/\">PALABRAS DE DRA. VALERIA PERALTA<\/a><p>INFORME DE LA DRA. VALERIA PERALTA<\/p>Posted by <a href=\"https:\/\/www.facebook.com\/rescatados.calchaqui.5\/\">Rescatados Television &#8211; Calchaqui<\/a> on Monday, August 31, 2020<\/blockquote><\/div>\n<\/div><\/figure>\n\n\n\n<p>Los comercios gastron\u00f3micos podr\u00e1n realizar sus actividades de lunes a s\u00e1bados de 19:00 hs. a 23:00 hs., pudiendo efectuar deliveries en dicho horario, debiendo contar los repartidores con la correspondiente identificaci\u00f3n del titular del comercio. La totalidad de los comercios deber\u00e1n respetar los protocolos y medidas de seguridad<br>correspondientes.<\/p>\n\n\n\n<p>Desde el 31\/08 al 14\/09\/20.<\/p>\n","protected":false},"excerpt":{"rendered":"<p>Las nuevas disposiciones rigen hasta el 14 de septiembre. Los servicios gastron\u00f3micos podr\u00e1n funcionar hasta las 23 horas con deliverys identificados. Queda prohibida la apertura de locales comerciales los d\u00edas domingos. El&#46;&#46;&#46;<\/p>\n","protected":false},"author":1,"featured_media":10594,"comment_status":"closed","ping_status":"open","sticky":false,"template":"","format":"standard","meta":[],"categories":[2,3,16,10,8],"tags":[],"_links":{"self":[{"href":"https:\/\/www.revistarescatados.com.ar\/web\/wp-json\/wp\/v2\/posts\/10593"}],"collection":[{"href":"https:\/\/www.revistarescatados.com.ar\/web\/wp-json\/wp\/v2\/posts"}],"about":[{"href":"https:\/\/www.revistarescatados.com.ar\/web\/wp-json\/wp\/v2\/types\/post"}],"author":[{"embeddable":true,"href":"https:\/\/www.revistarescatados.com.ar\/web\/wp-json\/wp\/v2\/users\/1"}],"replies":[{"embeddable":true,"href":"https:\/\/www.revistarescatados.com.ar\/web\/wp-json\/wp\/v2\/comments?post=10593"}],"version-history":[{"count":2,"href":"https:\/\/www.revistarescatados.com.ar\/web\/wp-json\/wp\/v2\/posts\/10593\/revisions"}],"predecessor-version":[{"id":10596,"href":"https:\/\/www.revistarescatados.com.ar\/web\/wp-json\/wp\/v2\/posts\/10593\/revisions\/10596"}],"wp:featuredmedia":[{"embeddable":true,"href":"https:\/\/www.revistarescatados.com.ar\/web\/wp-json\/wp\/v2\/media\/10594"}],"wp:attachment":[{"href":"https:\/\/www.revistarescatados.com.ar\/web\/wp-json\/wp\/v2\/media?parent=10593"}],"wp:term":[{"taxonomy":"category","embeddable":true,"href":"https:\/\/www.revistarescatados.com.ar\/web\/wp-json\/wp\/v2\/categories?post=10593"},{"taxonomy":"post_tag","embeddable":true,"href":"https:\/\/www.revistarescatados.com.ar\/web\/wp-json\/wp\/v2\/tags?post=10593"}],"curies":[{"name":"wp","href":"https:\/\/api.w.org\/{rel}","templated":true}]}}