{"id":10624,"date":"2020-09-01T21:50:24","date_gmt":"2020-09-02T00:50:24","guid":{"rendered":"http:\/\/www.revistarescatados.com.ar\/web\/?p=10624"},"modified":"2020-09-01T21:50:26","modified_gmt":"2020-09-02T00:50:26","slug":"gobernador-crespo-cumple-131-anos-de-su-fundacion","status":"publish","type":"post","link":"https:\/\/www.revistarescatados.com.ar\/web\/2020\/09\/01\/gobernador-crespo-cumple-131-anos-de-su-fundacion\/","title":{"rendered":"Gobernador Crespo cumple 131 a\u00f1os de su fundaci\u00f3n"},"content":{"rendered":"\n<p><strong><span class=\"has-inline-color has-vivid-red-color\">Fundada por Ignacio Crespo el 1 de septiembre de 1889 la localidad de Gobernador Crespo cumple hoy 131 a\u00f1os de fruct\u00edfera y laboriosa trayectoria, marcando rumbos de progreso y crecimiento desde el norte del departamento San Justo.<\/span><\/strong><\/p>\n\n\n\n<p>&#8220;Por tan grata circunstancia, hacemos llegar nuestro reconocimiento y afectuoso saludo a vecinos, instituciones y autoridades. Feliz aniversario, laboriosa y emprendedora comunidad crespense&#8221;, destac\u00f3 el senador Rodrigo Borla.<\/p>\n\n\n\n<p>&#8220;Cuna de inmigrantes que eligieron estas tierras tomando a la familia como n\u00facleo, al trabajo como actividad que dignifica, a las instituciones como motor de crecimiento y al esfuerzo como condici\u00f3n fundamental para el bien com\u00fan. Felices 131 a\u00f1os&#8221;, destac\u00f3 el diputado Fabi\u00e1n Bast\u00eda.<\/p>\n\n\n\n<p><br><\/p>\n\n\n\n<figure class=\"wp-block-image size-large\"><img loading=\"lazy\" width=\"1024\" height=\"841\" src=\"http:\/\/www.revistarescatados.com.ar\/web\/wp-content\/uploads\/2020\/09\/Crespo-1024x841.jpg\" alt=\"\" class=\"wp-image-10625\" srcset=\"https:\/\/www.revistarescatados.com.ar\/web\/wp-content\/uploads\/2020\/09\/Crespo-1024x841.jpg 1024w, https:\/\/www.revistarescatados.com.ar\/web\/wp-content\/uploads\/2020\/09\/Crespo-300x246.jpg 300w, https:\/\/www.revistarescatados.com.ar\/web\/wp-content\/uploads\/2020\/09\/Crespo-768x631.jpg 768w, https:\/\/www.revistarescatados.com.ar\/web\/wp-content\/uploads\/2020\/09\/Crespo.jpg 1164w\" sizes=\"(max-width: 1024px) 100vw, 1024px\" \/><\/figure>\n\n\n\n<p>Un edificio emblem\u00e1tico para GOBERNADOR CRESPO. La inauguraci\u00f3n de la ESTACI\u00d3N FERROVIARIA marc\u00f3 el inicio de esta pujante localidad, que avanza progresista rumbo a sus m\u00e1s altos destinos.<\/p>\n","protected":false},"excerpt":{"rendered":"<p>Fundada por Ignacio Crespo el 1 de septiembre de 1889 la localidad de Gobernador Crespo cumple hoy 131 a\u00f1os de fruct\u00edfera y laboriosa trayectoria, marcando rumbos de progreso y crecimiento desde el&#46;&#46;&#46;<\/p>\n","protected":false},"author":1,"featured_media":10625,"comment_status":"closed","ping_status":"open","sticky":false,"template":"","format":"standard","meta":[],"categories":[7,4,8],"tags":[],"_links":{"self":[{"href":"https:\/\/www.revistarescatados.com.ar\/web\/wp-json\/wp\/v2\/posts\/10624"}],"collection":[{"href":"https:\/\/www.revistarescatados.com.ar\/web\/wp-json\/wp\/v2\/posts"}],"about":[{"href":"https:\/\/www.revistarescatados.com.ar\/web\/wp-json\/wp\/v2\/types\/post"}],"author":[{"embeddable":true,"href":"https:\/\/www.revistarescatados.com.ar\/web\/wp-json\/wp\/v2\/users\/1"}],"replies":[{"embeddable":true,"href":"https:\/\/www.revistarescatados.com.ar\/web\/wp-json\/wp\/v2\/comments?post=10624"}],"version-history":[{"count":1,"href":"https:\/\/www.revistarescatados.com.ar\/web\/wp-json\/wp\/v2\/posts\/10624\/revisions"}],"predecessor-version":[{"id":10626,"href":"https:\/\/www.revistarescatados.com.ar\/web\/wp-json\/wp\/v2\/posts\/10624\/revisions\/10626"}],"wp:featuredmedia":[{"embeddable":true,"href":"https:\/\/www.revistarescatados.com.ar\/web\/wp-json\/wp\/v2\/media\/10625"}],"wp:attachment":[{"href":"https:\/\/www.revistarescatados.com.ar\/web\/wp-json\/wp\/v2\/media?parent=10624"}],"wp:term":[{"taxonomy":"category","embeddable":true,"href":"https:\/\/www.revistarescatados.com.ar\/web\/wp-json\/wp\/v2\/categories?post=10624"},{"taxonomy":"post_tag","embeddable":true,"href":"https:\/\/www.revistarescatados.com.ar\/web\/wp-json\/wp\/v2\/tags?post=10624"}],"curies":[{"name":"wp","href":"https:\/\/api.w.org\/{rel}","templated":true}]}}