{"id":10664,"date":"2020-09-06T23:44:50","date_gmt":"2020-09-07T02:44:50","guid":{"rendered":"http:\/\/www.revistarescatados.com.ar\/web\/?p=10664"},"modified":"2020-09-06T23:44:52","modified_gmt":"2020-09-07T02:44:52","slug":"la-verdad-no-se-como-pude-haberme-contagiado-indico-el-paciente-con-covid-19-de-calchaqui","status":"publish","type":"post","link":"https:\/\/www.revistarescatados.com.ar\/web\/2020\/09\/06\/la-verdad-no-se-como-pude-haberme-contagiado-indico-el-paciente-con-covid-19-de-calchaqui\/","title":{"rendered":"\u201cLa verdad no s\u00e9 c\u00f3mo pude haberme contagiado \u201d, indic\u00f3 el  paciente con Covid-19 de Calchaqu\u00ed"},"content":{"rendered":"\n<figure class=\"wp-block-image size-large\"><img loading=\"lazy\" width=\"1024\" height=\"576\" src=\"http:\/\/www.revistarescatados.com.ar\/web\/wp-content\/uploads\/2020\/09\/facebook.jpg\" alt=\"\" class=\"wp-image-10665\" srcset=\"https:\/\/www.revistarescatados.com.ar\/web\/wp-content\/uploads\/2020\/09\/facebook.jpg 1024w, https:\/\/www.revistarescatados.com.ar\/web\/wp-content\/uploads\/2020\/09\/facebook-300x169.jpg 300w, https:\/\/www.revistarescatados.com.ar\/web\/wp-content\/uploads\/2020\/09\/facebook-768x432.jpg 768w\" sizes=\"(max-width: 1024px) 100vw, 1024px\" \/><\/figure>\n\n\n\n<p><strong><span class=\"has-inline-color has-vivid-red-color\">As\u00ed escribi\u00f3 en redes sociales el joven Ariel Cortez, y agreg\u00f3 &#8220;creo que uno no anda por la vida buscando enfermarse<\/span><\/strong>&#8220;<strong><span class=\"has-inline-color has-vivid-red-color\">. \u201cMi sentido del gusto y olfato est\u00e1n volviendo, empec\u00e9 a comer, me estoy recuperando de a poco\u201d, cont\u00f3. Adem\u00e1s agradeci\u00f3 las muestras de solidaridad y acompa\u00f1amiento de la comunidad en general.<\/span><\/strong><\/p>\n\n\n\n<p><strong>TEXTUAL<\/strong><\/p>\n\n\n\n<p>Hola me presento me llamo Ariel Cortez algunos me conocer\u00e1n, otros no tanto o quiz\u00e1s solo de vista, decid\u00ed escribir esta carta para contar como la estoy pasando en este momento dif\u00edcil que me toca hoy vivir, por haber contra\u00eddo este virus desconocido al que todos le temen, por incertidumbre de como va a responder nuestro cuerpo, miedo como lo es Covid -19.<\/p>\n\n\n\n<p>La verdad no s\u00e9 c\u00f3mo pude haberme contagiado y creo que uno no anda por la vida buscando enfermarse.<\/p>\n\n\n\n<p>No se dan una idea el miedo que generar saber que podes contagiar a personas inocentes, a mi familia, amigos sin saberlo, me pongo muy feliz por cada test &#8220;NEGATIVO&#8221;.<\/p>\n\n\n\n<p>Les cuento gracias a Dios hoy empec\u00e9 a sentirme mejor, con m\u00e1s \u00e1nimo, mi sentido del gusto y olfato est\u00e1n volviendo, empec\u00e9 a comer, me estoy recuperando de a poco.<\/p>\n\n\n\n<p>Tengo que estar un tiempo m\u00e1s en aislamiento hasta que la carga viral salga por completo de mi cuerpo.<\/p>\n\n\n\n<p>Quiero dar las gracias a a todos y a cada uno que se preocuparon de m\u00ed, me pusieron en oraci\u00f3n, a los que no conozco, mis amigos, mi familia que es de fierro, no me quiero olvidar de nadie y estoy eternamente agradecidos por todo el apoyo y fuerza que me est\u00e1n dando en este momento saber que no estoy solo se siente y lo valoro mucho.<\/p>\n\n\n\n<p>Gracias, por cada mensaje, llamada, ayuda y muestra de cari\u00f1o que me brindan d\u00eda a d\u00eda.<\/p>\n\n\n\n<p>Gracias a la enfermera y el doctor que me atiende que ponen el pecho y toda la garra a semejante pandemia, sabiendo que tienen familias y est\u00e1n en juego su vida.<\/p>\n\n\n\n<p>Quiero decirles a las personas que est\u00e1n pasando por lo mismo, o pasar\u00e1n que no est\u00e1n solos que esto tambi\u00e9n pasar\u00e1.<\/p>\n\n\n\n<p>Gracias, una vez m\u00e1s por hacerme llegar esa energ\u00eda que ando necesitando.<\/p>\n\n\n\n<p>La verdad extra\u00f1o todo, mi rutina, hasta hacer m\u00e1s cosas m\u00e1s simple de la vida, quiero volver a ser ese chico feliz que tiene sue\u00f1os, trabaja, familiero que tiene metas y objetivos que cumplir.<\/p>\n\n\n\n<p>Nada m\u00e1s solos decirle que a este virus le ganamos entre todos, cu\u00eddense, respeten todos los protocolos impuesto, entre todos podemos!!!!!!<\/p>\n","protected":false},"excerpt":{"rendered":"<p>As\u00ed escribi\u00f3 en redes sociales el joven Ariel Cortez, y agreg\u00f3 &#8220;creo que uno no anda por la vida buscando enfermarse&#8220;. \u201cMi sentido del gusto y olfato est\u00e1n volviendo, empec\u00e9 a comer,&#46;&#46;&#46;<\/p>\n","protected":false},"author":1,"featured_media":10665,"comment_status":"closed","ping_status":"open","sticky":false,"template":"","format":"standard","meta":[],"categories":[2,3,8],"tags":[],"_links":{"self":[{"href":"https:\/\/www.revistarescatados.com.ar\/web\/wp-json\/wp\/v2\/posts\/10664"}],"collection":[{"href":"https:\/\/www.revistarescatados.com.ar\/web\/wp-json\/wp\/v2\/posts"}],"about":[{"href":"https:\/\/www.revistarescatados.com.ar\/web\/wp-json\/wp\/v2\/types\/post"}],"author":[{"embeddable":true,"href":"https:\/\/www.revistarescatados.com.ar\/web\/wp-json\/wp\/v2\/users\/1"}],"replies":[{"embeddable":true,"href":"https:\/\/www.revistarescatados.com.ar\/web\/wp-json\/wp\/v2\/comments?post=10664"}],"version-history":[{"count":1,"href":"https:\/\/www.revistarescatados.com.ar\/web\/wp-json\/wp\/v2\/posts\/10664\/revisions"}],"predecessor-version":[{"id":10666,"href":"https:\/\/www.revistarescatados.com.ar\/web\/wp-json\/wp\/v2\/posts\/10664\/revisions\/10666"}],"wp:featuredmedia":[{"embeddable":true,"href":"https:\/\/www.revistarescatados.com.ar\/web\/wp-json\/wp\/v2\/media\/10665"}],"wp:attachment":[{"href":"https:\/\/www.revistarescatados.com.ar\/web\/wp-json\/wp\/v2\/media?parent=10664"}],"wp:term":[{"taxonomy":"category","embeddable":true,"href":"https:\/\/www.revistarescatados.com.ar\/web\/wp-json\/wp\/v2\/categories?post=10664"},{"taxonomy":"post_tag","embeddable":true,"href":"https:\/\/www.revistarescatados.com.ar\/web\/wp-json\/wp\/v2\/tags?post=10664"}],"curies":[{"name":"wp","href":"https:\/\/api.w.org\/{rel}","templated":true}]}}