{"id":10667,"date":"2020-09-07T00:34:30","date_gmt":"2020-09-07T03:34:30","guid":{"rendered":"http:\/\/www.revistarescatados.com.ar\/web\/?p=10667"},"modified":"2020-09-07T00:45:43","modified_gmt":"2020-09-07T03:45:43","slug":"el-isp-no-66-presento-el-emprender-calchaqui-2020-de-modo-virtual-video","status":"publish","type":"post","link":"https:\/\/www.revistarescatados.com.ar\/web\/2020\/09\/07\/el-isp-no-66-presento-el-emprender-calchaqui-2020-de-modo-virtual-video\/","title":{"rendered":"El ISP N\u00ba 66 present\u00f3 el \u201cEmprender Calchaqu\u00ed 2020\u201d de modo virtual (video)"},"content":{"rendered":"\n<figure class=\"wp-block-image size-large\"><img loading=\"lazy\" width=\"1024\" height=\"576\" src=\"http:\/\/www.revistarescatados.com.ar\/web\/wp-content\/uploads\/2020\/09\/Emprender-Calchaqui-2020-2-1024x576.jpg\" alt=\"\" class=\"wp-image-10668\" srcset=\"https:\/\/www.revistarescatados.com.ar\/web\/wp-content\/uploads\/2020\/09\/Emprender-Calchaqui-2020-2-1024x576.jpg 1024w, https:\/\/www.revistarescatados.com.ar\/web\/wp-content\/uploads\/2020\/09\/Emprender-Calchaqui-2020-2-300x169.jpg 300w, https:\/\/www.revistarescatados.com.ar\/web\/wp-content\/uploads\/2020\/09\/Emprender-Calchaqui-2020-2-768x432.jpg 768w, https:\/\/www.revistarescatados.com.ar\/web\/wp-content\/uploads\/2020\/09\/Emprender-Calchaqui-2020-2.jpg 1280w\" sizes=\"(max-width: 1024px) 100vw, 1024px\" \/><\/figure>\n\n\n\n<p><strong><span class=\"has-inline-color has-vivid-red-color\">La quinta edici\u00f3n del evento sobre emprendedorismo fue realizada el viernes y por primera vez televisada por Canal 2. A la magistral charla del disertante internacional Daniel Colombo, se sumaron experiencias de dos emprendimientos locales como Novo y Bar Caf\u00e9 1966 y regionales como Amoblark y una Consultor\u00eda de recursos humanos.<\/span><\/strong><\/p>\n\n\n\n<figure class=\"wp-block-image size-large\"><img loading=\"lazy\" width=\"1024\" height=\"576\" src=\"http:\/\/www.revistarescatados.com.ar\/web\/wp-content\/uploads\/2020\/09\/Emprender-Calchaqui-2020-1-1024x576.jpg\" alt=\"\" class=\"wp-image-10669\" srcset=\"https:\/\/www.revistarescatados.com.ar\/web\/wp-content\/uploads\/2020\/09\/Emprender-Calchaqui-2020-1-1024x576.jpg 1024w, https:\/\/www.revistarescatados.com.ar\/web\/wp-content\/uploads\/2020\/09\/Emprender-Calchaqui-2020-1-300x169.jpg 300w, https:\/\/www.revistarescatados.com.ar\/web\/wp-content\/uploads\/2020\/09\/Emprender-Calchaqui-2020-1-768x432.jpg 768w, https:\/\/www.revistarescatados.com.ar\/web\/wp-content\/uploads\/2020\/09\/Emprender-Calchaqui-2020-1.jpg 1280w\" sizes=\"(max-width: 1024px) 100vw, 1024px\" \/><\/figure>\n\n\n\n<p>Alrededor de las 21 horas, del viernes 4 de septiembre, dio inici\u00f3 la iniciativa del Instituto Superior del Profesorado N\u00ba 66, que fue declarada de inter\u00e9s comunitario por decreto N\u00ba 44 del Ejecutivo Municipal, a refer\u00e9ndum del H. Concejo Municipal. Por primera vez, ante la actual pandemia, la propuesta fue televisada por Canal 2 y con transmisi\u00f3n en directo mediante las redes sociales.<\/p>\n\n\n\n<figure class=\"wp-block-image size-large\"><img loading=\"lazy\" width=\"1024\" height=\"576\" src=\"http:\/\/www.revistarescatados.com.ar\/web\/wp-content\/uploads\/2020\/09\/Emprender-Calchaqui-2020-2-1-1024x576.jpg\" alt=\"\" class=\"wp-image-10670\" srcset=\"https:\/\/www.revistarescatados.com.ar\/web\/wp-content\/uploads\/2020\/09\/Emprender-Calchaqui-2020-2-1-1024x576.jpg 1024w, https:\/\/www.revistarescatados.com.ar\/web\/wp-content\/uploads\/2020\/09\/Emprender-Calchaqui-2020-2-1-300x169.jpg 300w, https:\/\/www.revistarescatados.com.ar\/web\/wp-content\/uploads\/2020\/09\/Emprender-Calchaqui-2020-2-1-768x432.jpg 768w, https:\/\/www.revistarescatados.com.ar\/web\/wp-content\/uploads\/2020\/09\/Emprender-Calchaqui-2020-2-1.jpg 1280w\" sizes=\"(max-width: 1024px) 100vw, 1024px\" \/><\/figure>\n\n\n\n<p>La apertura estuvo a cargo de la flamante directora del ISP N 66, Prof. Paola Fabre, quien dio detalles de la iniciativa que comenz\u00f3 a realizarse en 2015; como tambi\u00e9n de las actividades en la instituci\u00f3n de nivel terciario que ofrece tres carreras. A pesar de la pandemia, contin\u00faa capacitando a j\u00f3venes y adultos de la ciudad y regi\u00f3n de manera virtual; incluso este a\u00f1o ya hubo una decena de egresadas del profesorado de educaci\u00f3n primaria y prepara la primera promoci\u00f3n del profesorado de biolog\u00eda.<\/p>\n\n\n\n<figure class=\"wp-block-image size-large\"><img loading=\"lazy\" width=\"1024\" height=\"576\" src=\"http:\/\/www.revistarescatados.com.ar\/web\/wp-content\/uploads\/2020\/09\/Emprender-Calchaqui-2020-5-1024x576.jpg\" alt=\"\" class=\"wp-image-10671\" srcset=\"https:\/\/www.revistarescatados.com.ar\/web\/wp-content\/uploads\/2020\/09\/Emprender-Calchaqui-2020-5-1024x576.jpg 1024w, https:\/\/www.revistarescatados.com.ar\/web\/wp-content\/uploads\/2020\/09\/Emprender-Calchaqui-2020-5-300x169.jpg 300w, https:\/\/www.revistarescatados.com.ar\/web\/wp-content\/uploads\/2020\/09\/Emprender-Calchaqui-2020-5-768x432.jpg 768w, https:\/\/www.revistarescatados.com.ar\/web\/wp-content\/uploads\/2020\/09\/Emprender-Calchaqui-2020-5.jpg 1280w\" sizes=\"(max-width: 1024px) 100vw, 1024px\" \/><\/figure>\n\n\n\n<p>En tanto, el presidente del Centro Comercial, Industrial y de la producci\u00f3n Cristian Bournissent, se refiri\u00f3 a la situaci\u00f3n del comercio local, como tambi\u00e9n las nuevas oportunidades que ofrecen las nuevas tecnolog\u00edas y redes sociales para la subsistencia del sector.<\/p>\n\n\n\n<p>Este a\u00f1o, mediante una conexi\u00f3n en directo desde Buenos Aires, se pudo compartir la charla \u00bfC\u00f3mo vender tu negocio? que brind\u00f3 el conferencista internacional Daniel Colombo.<\/p>\n\n\n\n<figure class=\"wp-block-image size-large\"><img loading=\"lazy\" width=\"1024\" height=\"576\" src=\"http:\/\/www.revistarescatados.com.ar\/web\/wp-content\/uploads\/2020\/09\/Emprender-Calchaqui-2020-3-1024x576.jpg\" alt=\"\" class=\"wp-image-10672\" srcset=\"https:\/\/www.revistarescatados.com.ar\/web\/wp-content\/uploads\/2020\/09\/Emprender-Calchaqui-2020-3-1024x576.jpg 1024w, https:\/\/www.revistarescatados.com.ar\/web\/wp-content\/uploads\/2020\/09\/Emprender-Calchaqui-2020-3-300x169.jpg 300w, https:\/\/www.revistarescatados.com.ar\/web\/wp-content\/uploads\/2020\/09\/Emprender-Calchaqui-2020-3-768x432.jpg 768w, https:\/\/www.revistarescatados.com.ar\/web\/wp-content\/uploads\/2020\/09\/Emprender-Calchaqui-2020-3.jpg 1280w\" sizes=\"(max-width: 1024px) 100vw, 1024px\" \/><\/figure>\n\n\n\n<p>Adem\u00e1s se presentaron las experiencias de dos emprendimientos familiares como son panader\u00eda y heladr\u00eda Novo y Bar Caf\u00e9 1966. Al mismo tiempo, Bruno Krumbein desde Margarita cont\u00f3 la experiencia de la empresa de amoblamientos a medida Amoblark con m\u00e1s de 10 a\u00f1os de trayectoria y la consultora en recursos humanos Lic. Cecilia Rodr\u00edguez comparti\u00f3 su experiencia desde la ciudad de Santa Fe.<\/p>\n\n\n\n<figure class=\"wp-block-image size-large\"><img loading=\"lazy\" width=\"1024\" height=\"576\" src=\"http:\/\/www.revistarescatados.com.ar\/web\/wp-content\/uploads\/2020\/09\/Emprender-Calchaqui-2020-4-1024x576.jpg\" alt=\"\" class=\"wp-image-10673\" srcset=\"https:\/\/www.revistarescatados.com.ar\/web\/wp-content\/uploads\/2020\/09\/Emprender-Calchaqui-2020-4-1024x576.jpg 1024w, https:\/\/www.revistarescatados.com.ar\/web\/wp-content\/uploads\/2020\/09\/Emprender-Calchaqui-2020-4-300x169.jpg 300w, https:\/\/www.revistarescatados.com.ar\/web\/wp-content\/uploads\/2020\/09\/Emprender-Calchaqui-2020-4-768x432.jpg 768w, https:\/\/www.revistarescatados.com.ar\/web\/wp-content\/uploads\/2020\/09\/Emprender-Calchaqui-2020-4.jpg 1280w\" sizes=\"(max-width: 1024px) 100vw, 1024px\" \/><\/figure>\n\n\n\n<p>Tambi\u00e9n hubo un espacio para la m\u00fasica, mediante la interpretaci\u00f3n de la canci\u00f3n Viejo Guitarrero, de Gabriel Baz\u00e1n y Lisandro Rivoire en un video realizado por Alexis Cuatr\u00edn.<\/p>\n\n\n\n<p><strong>VIDEO (hace click en el enlace abajo)<\/strong><\/p>\n\n\n\n<p><a rel=\"noreferrer noopener\" href=\"https:\/\/www.facebook.com\/rescatados.calchaqui.5\/videos\/737181893508233\/\" target=\"_blank\"><strong><span class=\"has-inline-color has-vivid-cyan-blue-color\">https:\/\/www.facebook.com\/rescatados.calchaqui.5\/videos\/737181893508233\/<\/span><\/strong><\/a><\/p>\n\n\n\n<figure class=\"wp-block-embed-facebook wp-block-embed\"><div class=\"wp-block-embed__wrapper\">\nhttps:\/\/www.facebook.com\/watch\/live\/?v=737181893508233&#038;ref=watch_permalink\n<\/div><\/figure>\n","protected":false},"excerpt":{"rendered":"<p>La quinta edici\u00f3n del evento sobre emprendedorismo fue realizada el viernes y por primera vez televisada por Canal 2. A la magistral charla del disertante internacional Daniel Colombo, se sumaron experiencias de&#46;&#46;&#46;<\/p>\n","protected":false},"author":1,"featured_media":10668,"comment_status":"closed","ping_status":"open","sticky":false,"template":"","format":"standard","meta":[],"categories":[2,3,15],"tags":[],"_links":{"self":[{"href":"https:\/\/www.revistarescatados.com.ar\/web\/wp-json\/wp\/v2\/posts\/10667"}],"collection":[{"href":"https:\/\/www.revistarescatados.com.ar\/web\/wp-json\/wp\/v2\/posts"}],"about":[{"href":"https:\/\/www.revistarescatados.com.ar\/web\/wp-json\/wp\/v2\/types\/post"}],"author":[{"embeddable":true,"href":"https:\/\/www.revistarescatados.com.ar\/web\/wp-json\/wp\/v2\/users\/1"}],"replies":[{"embeddable":true,"href":"https:\/\/www.revistarescatados.com.ar\/web\/wp-json\/wp\/v2\/comments?post=10667"}],"version-history":[{"count":5,"href":"https:\/\/www.revistarescatados.com.ar\/web\/wp-json\/wp\/v2\/posts\/10667\/revisions"}],"predecessor-version":[{"id":10679,"href":"https:\/\/www.revistarescatados.com.ar\/web\/wp-json\/wp\/v2\/posts\/10667\/revisions\/10679"}],"wp:featuredmedia":[{"embeddable":true,"href":"https:\/\/www.revistarescatados.com.ar\/web\/wp-json\/wp\/v2\/media\/10668"}],"wp:attachment":[{"href":"https:\/\/www.revistarescatados.com.ar\/web\/wp-json\/wp\/v2\/media?parent=10667"}],"wp:term":[{"taxonomy":"category","embeddable":true,"href":"https:\/\/www.revistarescatados.com.ar\/web\/wp-json\/wp\/v2\/categories?post=10667"},{"taxonomy":"post_tag","embeddable":true,"href":"https:\/\/www.revistarescatados.com.ar\/web\/wp-json\/wp\/v2\/tags?post=10667"}],"curies":[{"name":"wp","href":"https:\/\/api.w.org\/{rel}","templated":true}]}}