{"id":10681,"date":"2020-09-07T19:33:44","date_gmt":"2020-09-07T22:33:44","guid":{"rendered":"http:\/\/www.revistarescatados.com.ar\/web\/?p=10681"},"modified":"2020-09-07T19:33:46","modified_gmt":"2020-09-07T22:33:46","slug":"acuerdo-de-recomposicion-salarial-para-la-administracion-publica-provincial","status":"publish","type":"post","link":"https:\/\/www.revistarescatados.com.ar\/web\/2020\/09\/07\/acuerdo-de-recomposicion-salarial-para-la-administracion-publica-provincial\/","title":{"rendered":"Acuerdo de recomposici\u00f3n salarial para la Administraci\u00f3n P\u00fablica Provincial"},"content":{"rendered":"\n<p><br><\/p>\n\n\n\n<figure class=\"wp-block-image size-large\"><img loading=\"lazy\" width=\"750\" height=\"380\" src=\"http:\/\/www.revistarescatados.com.ar\/web\/wp-content\/uploads\/2020\/09\/UPCN.jpg\" alt=\"\" class=\"wp-image-10682\" srcset=\"https:\/\/www.revistarescatados.com.ar\/web\/wp-content\/uploads\/2020\/09\/UPCN.jpg 750w, https:\/\/www.revistarescatados.com.ar\/web\/wp-content\/uploads\/2020\/09\/UPCN-300x152.jpg 300w\" sizes=\"(max-width: 750px) 100vw, 750px\" \/><\/figure>\n\n\n\n<p><strong><span class=\"has-inline-color has-vivid-red-color\">UPCN Santa Fe particip\u00f3 de la reuni\u00f3n de la Comisi\u00f3n Paritaria Central, donde se acord\u00f3 una recomposi\u00f3n salarial consistente en incorporar una asignaci\u00f3n no remunerativa y no bonificable, como parte de la remuneraci\u00f3n mensual y habitual de los agentes p\u00fablicos.<\/span><\/strong><\/p>\n\n\n\n<p>Dicha recomposici\u00f3n se traslada en forma proporcional a los Jubilados y pensionados de la Provincia.<\/p>\n\n\n\n<p>Asimismo, se dispuso analizar la situaci\u00f3n de los agentes que en la actualidad se desempe\u00f1an como contratos a los efectos de propiciar alternativas con relaci\u00f3n a su situaci\u00f3n de revista y salarial.<\/p>\n\n\n\n<p>Por otra parte, se dispuso el inicio de las actividades de las Comisiones Jurisdiccionales para abordar particularidades de cada sector laboral.<\/p>\n\n\n\n<p>El Secretario General de UPCN JORGE MOLINA, sostuvo que \u201cse trata de una pol\u00edtica salarial no convencional, son sumas fijas no remunerativas y no bonificables, que respetan la globalidad de la carrera de los compa\u00f1eros porque va creciendo de acuerdo a la responsabilidad jer\u00e1rquica\u201d.<\/p>\n\n\n\n<p>El dirigente remarc\u00f3 que se trata \u201cde acuerdo hasta noviembre, y en diciembre de 2020 nos vamos a sentar a discutir en paritarias, ojal\u00e1 en otro marco para que nos permita hacer un acuerdo convencional\u201d.<\/p>\n","protected":false},"excerpt":{"rendered":"<p>UPCN Santa Fe particip\u00f3 de la reuni\u00f3n de la Comisi\u00f3n Paritaria Central, donde se acord\u00f3 una recomposi\u00f3n salarial consistente en incorporar una asignaci\u00f3n no remunerativa y no bonificable, como parte de la&#46;&#46;&#46;<\/p>\n","protected":false},"author":1,"featured_media":10682,"comment_status":"closed","ping_status":"open","sticky":false,"template":"","format":"standard","meta":[],"categories":[10,12,8],"tags":[],"_links":{"self":[{"href":"https:\/\/www.revistarescatados.com.ar\/web\/wp-json\/wp\/v2\/posts\/10681"}],"collection":[{"href":"https:\/\/www.revistarescatados.com.ar\/web\/wp-json\/wp\/v2\/posts"}],"about":[{"href":"https:\/\/www.revistarescatados.com.ar\/web\/wp-json\/wp\/v2\/types\/post"}],"author":[{"embeddable":true,"href":"https:\/\/www.revistarescatados.com.ar\/web\/wp-json\/wp\/v2\/users\/1"}],"replies":[{"embeddable":true,"href":"https:\/\/www.revistarescatados.com.ar\/web\/wp-json\/wp\/v2\/comments?post=10681"}],"version-history":[{"count":1,"href":"https:\/\/www.revistarescatados.com.ar\/web\/wp-json\/wp\/v2\/posts\/10681\/revisions"}],"predecessor-version":[{"id":10683,"href":"https:\/\/www.revistarescatados.com.ar\/web\/wp-json\/wp\/v2\/posts\/10681\/revisions\/10683"}],"wp:featuredmedia":[{"embeddable":true,"href":"https:\/\/www.revistarescatados.com.ar\/web\/wp-json\/wp\/v2\/media\/10682"}],"wp:attachment":[{"href":"https:\/\/www.revistarescatados.com.ar\/web\/wp-json\/wp\/v2\/media?parent=10681"}],"wp:term":[{"taxonomy":"category","embeddable":true,"href":"https:\/\/www.revistarescatados.com.ar\/web\/wp-json\/wp\/v2\/categories?post=10681"},{"taxonomy":"post_tag","embeddable":true,"href":"https:\/\/www.revistarescatados.com.ar\/web\/wp-json\/wp\/v2\/tags?post=10681"}],"curies":[{"name":"wp","href":"https:\/\/api.w.org\/{rel}","templated":true}]}}