{"id":10718,"date":"2020-09-10T15:16:01","date_gmt":"2020-09-10T18:16:01","guid":{"rendered":"http:\/\/www.revistarescatados.com.ar\/web\/?p=10718"},"modified":"2020-09-10T15:16:04","modified_gmt":"2020-09-10T18:16:04","slug":"los-saldos-impagos-de-las-tarjetas-de-credito-se-refinanciaran-automaticamente","status":"publish","type":"post","link":"https:\/\/www.revistarescatados.com.ar\/web\/2020\/09\/10\/los-saldos-impagos-de-las-tarjetas-de-credito-se-refinanciaran-automaticamente\/","title":{"rendered":"Los saldos impagos de las tarjetas de cr\u00e9dito se refinanciar\u00e1n autom\u00e1ticamente"},"content":{"rendered":"\n<figure class=\"wp-block-image size-large\"><img loading=\"lazy\" width=\"696\" height=\"418\" src=\"http:\/\/www.revistarescatados.com.ar\/web\/wp-content\/uploads\/2020\/01\/Tarjetas.jpg\" alt=\"\" class=\"wp-image-7786\" srcset=\"https:\/\/www.revistarescatados.com.ar\/web\/wp-content\/uploads\/2020\/01\/Tarjetas.jpg 696w, https:\/\/www.revistarescatados.com.ar\/web\/wp-content\/uploads\/2020\/01\/Tarjetas-300x180.jpg 300w\" sizes=\"(max-width: 696px) 100vw, 696px\" \/><\/figure>\n\n\n\n<p><strong><span class=\"has-inline-color has-vivid-red-color\">Ser\u00e1 en nueve cuotas mensuales y consecutivas, a una tasa de inter\u00e9s del 40%, sin ning\u00fan otro recargo. El vencimiento de la primera cuota ser\u00e1 en diciembre de este a\u00f1o, de acuerdo a lo establecido por el Banco Central de la Rep\u00fablica Argentina (BCRA).<\/span><\/strong><\/p>\n\n\n\n<p>El gobierno provincial, a trav\u00e9s de la direcci\u00f3n de Promoci\u00f3n de la Competencia y Defensa del Consumidor, del Ministerio de Producci\u00f3n, Ciencia y Tecnolog\u00eda, inform\u00f3 que, mediante la Comunicaci\u00f3n A 7095 del BCRA, se estableci\u00f3 que los saldos impagos de las tarjetas de cr\u00e9dito, con vencimiento entre el 1\u00b0 y el 30 de septiembre de 2020, ser\u00e1n refinanciados autom\u00e1ticamente.<\/p>\n\n\n\n<p>Dicha refinanciaci\u00f3n ser\u00e1 en nueve cuotas mensuales y consecutivas, a una tasa de inter\u00e9s del 40% (tasa nominal anual, sin ning\u00fan otro recargo), y el vencimiento de la primera cuota ser\u00e1 en diciembre de 2020.<\/p>\n\n\n\n<p>En el caso de que el saldo se abone mediante d\u00e9bito autom\u00e1tico, el usuario que quiera adherirse a la refinanciaci\u00f3n deber\u00e1 solicitar la interrupci\u00f3n del d\u00e9bito autom\u00e1tico por este mes, con 48 horas de anticipaci\u00f3n al vencimiento.<\/p>\n\n\n\n<p>La devoluci\u00f3n del pago podr\u00e1 solicitarse a trav\u00e9s de los canales habilitados por cada banco.<\/p>\n\n\n\n<p>De no utilizar esta opci\u00f3n, el usuario deber\u00e1 asegurarse de pagar el total del resumen de su tarjeta ya que esta disposici\u00f3n del BCRA se realiza de forma autom\u00e1tica sobre los saldos adeudados.<\/p>\n\n\n\n<p><strong><span class=\"has-inline-color has-vivid-red-color\">M\u00c1S INFORMACI\u00d3N<\/span><\/strong><\/p>\n\n\n\n<p>Ante cualquier duda, los interesados podr\u00e1n comunicarse con la direcci\u00f3n provincial de Promoci\u00f3n de la Competencia y Defensa del Consumidor, a trav\u00e9s del 0800 555 6768 (opci\u00f3n 3), Tr\u00e1mite a Distancia (TAD), Ventanilla \u00danica Federal (VUF), o ante cualquier Oficina Municipal de Informaci\u00f3n al Consumidor (Omic)<\/p>\n","protected":false},"excerpt":{"rendered":"<p>Ser\u00e1 en nueve cuotas mensuales y consecutivas, a una tasa de inter\u00e9s del 40%, sin ning\u00fan otro recargo. El vencimiento de la primera cuota ser\u00e1 en diciembre de este a\u00f1o, de acuerdo&#46;&#46;&#46;<\/p>\n","protected":false},"author":1,"featured_media":7786,"comment_status":"closed","ping_status":"open","sticky":false,"template":"","format":"standard","meta":[],"categories":[10,8],"tags":[],"_links":{"self":[{"href":"https:\/\/www.revistarescatados.com.ar\/web\/wp-json\/wp\/v2\/posts\/10718"}],"collection":[{"href":"https:\/\/www.revistarescatados.com.ar\/web\/wp-json\/wp\/v2\/posts"}],"about":[{"href":"https:\/\/www.revistarescatados.com.ar\/web\/wp-json\/wp\/v2\/types\/post"}],"author":[{"embeddable":true,"href":"https:\/\/www.revistarescatados.com.ar\/web\/wp-json\/wp\/v2\/users\/1"}],"replies":[{"embeddable":true,"href":"https:\/\/www.revistarescatados.com.ar\/web\/wp-json\/wp\/v2\/comments?post=10718"}],"version-history":[{"count":1,"href":"https:\/\/www.revistarescatados.com.ar\/web\/wp-json\/wp\/v2\/posts\/10718\/revisions"}],"predecessor-version":[{"id":10719,"href":"https:\/\/www.revistarescatados.com.ar\/web\/wp-json\/wp\/v2\/posts\/10718\/revisions\/10719"}],"wp:featuredmedia":[{"embeddable":true,"href":"https:\/\/www.revistarescatados.com.ar\/web\/wp-json\/wp\/v2\/media\/7786"}],"wp:attachment":[{"href":"https:\/\/www.revistarescatados.com.ar\/web\/wp-json\/wp\/v2\/media?parent=10718"}],"wp:term":[{"taxonomy":"category","embeddable":true,"href":"https:\/\/www.revistarescatados.com.ar\/web\/wp-json\/wp\/v2\/categories?post=10718"},{"taxonomy":"post_tag","embeddable":true,"href":"https:\/\/www.revistarescatados.com.ar\/web\/wp-json\/wp\/v2\/tags?post=10718"}],"curies":[{"name":"wp","href":"https:\/\/api.w.org\/{rel}","templated":true}]}}