{"id":1081,"date":"2018-07-04T12:31:35","date_gmt":"2018-07-04T15:31:35","guid":{"rendered":"http:\/\/www.revistarescatados.com.ar\/web\/?p=1081"},"modified":"2018-07-04T12:31:35","modified_gmt":"2018-07-04T15:31:35","slug":"se-cerro-la-paritaria-mercantil","status":"publish","type":"post","link":"https:\/\/www.revistarescatados.com.ar\/web\/2018\/07\/04\/se-cerro-la-paritaria-mercantil\/","title":{"rendered":"Se cerr\u00f3 la paritaria mercantil"},"content":{"rendered":"<p><img loading=\"lazy\" class=\"aligncenter size-full wp-image-1082\" src=\"http:\/\/www.revistarescatados.com.ar\/web\/wp-content\/uploads\/2018\/07\/paritaria-mercantil.jpg\" alt=\"\" width=\"547\" height=\"305\" srcset=\"https:\/\/www.revistarescatados.com.ar\/web\/wp-content\/uploads\/2018\/07\/paritaria-mercantil.jpg 547w, https:\/\/www.revistarescatados.com.ar\/web\/wp-content\/uploads\/2018\/07\/paritaria-mercantil-300x167.jpg 300w\" sizes=\"(max-width: 547px) 100vw, 547px\" \/><\/p>\n<p><span style=\"color: #0000ff;\"><strong>Luego del pedido de reapertura de paritarias que realiz\u00f3 el presidente Mauricio Macri, el Ministerio Trabajo de la Naci\u00f3n, la Confederaci\u00f3n Argentina de la Mediana Empresa (CAME), la Federaci\u00f3n Argentina de Empleados de Comercio y Servicios (Faecys) y la C\u00e1mara Argentina de Comercio y Servicios (CAC) acordaron un nuevo incremento del 3% en octubre, otro 3% en noviembre y un 4% en enero de 2019. Ninguna de las tres etapas es acumulativa.<\/strong><\/span><\/p>\n<p>Adem\u00e1s, la base del salario de marzo de 2018 se fij\u00f3 en 18%. Cabe recordar que a\u00fan resta un incremento del 5% para agosto, que fue rubricado a principios de marzo de este a\u00f1o. En abril ya se hab\u00eda otorgado un 10%.<\/p>\n<p>La paritaria mercantil es la m\u00e1s grande del sector privado, alcanzando a m\u00e1s de un 1.200.000 empleados.<\/p>\n<p>Centro Comercial, Ind. y de la Producci\u00f3n de Calchaqu\u00ed.-<\/p>\n","protected":false},"excerpt":{"rendered":"<p>Luego del pedido de reapertura de paritarias que realiz\u00f3 el presidente Mauricio Macri, el Ministerio Trabajo de la Naci\u00f3n, la Confederaci\u00f3n Argentina de la Mediana Empresa (CAME), la Federaci\u00f3n Argentina de Empleados&#46;&#46;&#46;<\/p>\n","protected":false},"author":1,"featured_media":1082,"comment_status":"closed","ping_status":"open","sticky":false,"template":"","format":"standard","meta":[],"categories":[10,8],"tags":[],"_links":{"self":[{"href":"https:\/\/www.revistarescatados.com.ar\/web\/wp-json\/wp\/v2\/posts\/1081"}],"collection":[{"href":"https:\/\/www.revistarescatados.com.ar\/web\/wp-json\/wp\/v2\/posts"}],"about":[{"href":"https:\/\/www.revistarescatados.com.ar\/web\/wp-json\/wp\/v2\/types\/post"}],"author":[{"embeddable":true,"href":"https:\/\/www.revistarescatados.com.ar\/web\/wp-json\/wp\/v2\/users\/1"}],"replies":[{"embeddable":true,"href":"https:\/\/www.revistarescatados.com.ar\/web\/wp-json\/wp\/v2\/comments?post=1081"}],"version-history":[{"count":1,"href":"https:\/\/www.revistarescatados.com.ar\/web\/wp-json\/wp\/v2\/posts\/1081\/revisions"}],"predecessor-version":[{"id":1083,"href":"https:\/\/www.revistarescatados.com.ar\/web\/wp-json\/wp\/v2\/posts\/1081\/revisions\/1083"}],"wp:featuredmedia":[{"embeddable":true,"href":"https:\/\/www.revistarescatados.com.ar\/web\/wp-json\/wp\/v2\/media\/1082"}],"wp:attachment":[{"href":"https:\/\/www.revistarescatados.com.ar\/web\/wp-json\/wp\/v2\/media?parent=1081"}],"wp:term":[{"taxonomy":"category","embeddable":true,"href":"https:\/\/www.revistarescatados.com.ar\/web\/wp-json\/wp\/v2\/categories?post=1081"},{"taxonomy":"post_tag","embeddable":true,"href":"https:\/\/www.revistarescatados.com.ar\/web\/wp-json\/wp\/v2\/tags?post=1081"}],"curies":[{"name":"wp","href":"https:\/\/api.w.org\/{rel}","templated":true}]}}