{"id":10853,"date":"2020-09-20T00:17:08","date_gmt":"2020-09-20T03:17:08","guid":{"rendered":"http:\/\/www.revistarescatados.com.ar\/web\/?p=10853"},"modified":"2020-09-20T00:17:10","modified_gmt":"2020-09-20T03:17:10","slug":"hay-dos-casos-sospechosos-aislados-en-el-hospital-de-calchaqui","status":"publish","type":"post","link":"https:\/\/www.revistarescatados.com.ar\/web\/2020\/09\/20\/hay-dos-casos-sospechosos-aislados-en-el-hospital-de-calchaqui\/","title":{"rendered":"Hay dos casos sospechosos aislados en el hospital de Calchaqu\u00ed"},"content":{"rendered":"\n<figure class=\"wp-block-image size-large\"><img loading=\"lazy\" width=\"922\" height=\"615\" src=\"http:\/\/www.revistarescatados.com.ar\/web\/wp-content\/uploads\/2018\/06\/Hospital-ricardo-Aldao.jpg\" alt=\"\" class=\"wp-image-691\" srcset=\"https:\/\/www.revistarescatados.com.ar\/web\/wp-content\/uploads\/2018\/06\/Hospital-ricardo-Aldao.jpg 922w, https:\/\/www.revistarescatados.com.ar\/web\/wp-content\/uploads\/2018\/06\/Hospital-ricardo-Aldao-300x200.jpg 300w, https:\/\/www.revistarescatados.com.ar\/web\/wp-content\/uploads\/2018\/06\/Hospital-ricardo-Aldao-768x512.jpg 768w\" sizes=\"(max-width: 922px) 100vw, 922px\" \/><\/figure>\n\n\n\n<p><strong><span class=\"has-inline-color has-vivid-red-color\">Si bien el informe provincial se refiere a un caso positivo, desde la direcci\u00f3n lo desmintieron. Se debe repetir la toma de muestra en 48 hs. a uno de ellos; el segundo paciente ser\u00e1 hisopado en las pr\u00f3ximas horas. En la ciudad de Vera, se confirmaron 4 nuevos positivos .<\/span><\/strong><\/p>\n\n\n\n<p><strong>VERA<br>Positivos Nuevos 4<\/strong>.<br>Resultados Negativos 1.<br>Se debe repetir la toma de muestra en 48 hs a 1 persona.<br>A la espera de 3 Resultados de muestras obtenidas en el d\u00eda de ayer.<br>En el d\u00eda de la fecha se hisoparon 2 personas.<br>Casos positivos acumulados 44.<br>Total de Recuperados 18.<br>Positivos Activos 26. Todos con buen estado de salud y en su domicilio.<br>Personas en aislamiento preventivo: 212. De los cuales 145 tuvieron contacto estrecho con casos<br>positivos; y 67 provenientes de zona con circulaci\u00f3n viral comunitaria.<\/p>\n\n\n\n<p><strong>CALCHAQUI<br>Sospechosos 2.<\/strong><br>Se debe repetir la toma de muestra en 48 hs. a uno de ellos; el segundo paciente ser\u00e1 hisopado en las pr\u00f3ximas horas. Ambos se encuentran cursando internaci\u00f3n en el Hospital de Calchaqu\u00ed.<br>Positivos Activos 1. Internado en el Hospital de Vera, en condiciones estables.<br>Total de Recuperados 1.<br>Personas en aislamiento preventivo 6.<\/p>\n\n\n\n<p><strong>MARGARITA<\/strong><br>A la espera de 5 Resultados.<br>Casos positivos acumulados 47.<br>Total de Recuperados 35.<br>Positivos Activos 12. De los cuales 2 pacientes se encuentran internados en el hospital de Reconquista;<br>el resto en su domicilio con buen estado de salud.<br>Personas en aislamiento preventivo 79.<\/p>\n\n\n\n<p><strong>LA GALLARETA<\/strong><br>Personas en aislamiento preventivo: 16. Provenientes de zona con circulaci\u00f3n viral comunitaria.<\/p>\n\n\n\n<p><strong>FORTIN OLMOS<\/strong><br>Personas en aislamiento preventivo 10. Provenientes de zonas con circulaci\u00f3n viral, todos en su domicilio con buen estado de salud.<br>Total de Recuperados 1.<\/p>\n\n\n\n<p><strong>INTIYACO<\/strong><br>Personas en aislamiento preventivo 4. De los cuales 2 tuvieron contacto estrecho de un caso positivo; y 2 provenientes de zona con circulaci\u00f3n viral comunitaria. Todos con buen estado de salud.<br>Recuperados 1<\/p>\n\n\n\n<p><strong>GARABATO<\/strong><br>Recuperados 1. En el d\u00eda de la fecha fue otorgada el alta.<br>Personas en aislamiento preventivo 1. Proveniente de zona con circulaci\u00f3n viral comunitaria, en buen<br>estado de salud.<\/p>\n\n\n\n<p><strong>LOS AMORES<\/strong><br>Personas en aislamiento preventivo 2.<\/p>\n\n\n\n<p><strong>CA\u00d1ADA OMB\u00da<\/strong><br>Personas en aislamiento preventivo 2.<\/p>\n\n\n\n<p><strong>TARTAGAL<\/strong><br>Personas en aislamiento preventivo 3.<\/p>\n\n\n\n<p><strong>TOBA<\/strong><br>Personas en aislamiento preventivo 20. Uno de ellos contacto estrecho de positivo, asintom\u00e1tico.<\/p>\n\n\n\n<p><strong>RESTO DE LAS LOCALIDADES DEL DEPARTAMENTO<\/strong><br>Sin Novedades.<\/p>\n\n\n\n<p> (*) PUEDEN EXISTIR DIFERENCIAS CON EL INFORME PROVINCIAL POR LA DIFERENCIA DE HORARIOS DE CIERRE.<\/p>\n\n\n\n<p>COMIT\u00c9 DEPARTAMENTAL DE EMERGENCIA POR COVID-19.<\/p>\n","protected":false},"excerpt":{"rendered":"<p>Si bien el informe provincial se refiere a un caso positivo, desde la direcci\u00f3n lo desmintieron. Se debe repetir la toma de muestra en 48 hs. a uno de ellos; el segundo&#46;&#46;&#46;<\/p>\n","protected":false},"author":1,"featured_media":691,"comment_status":"closed","ping_status":"open","sticky":false,"template":"","format":"standard","meta":[],"categories":[2,3,9],"tags":[],"_links":{"self":[{"href":"https:\/\/www.revistarescatados.com.ar\/web\/wp-json\/wp\/v2\/posts\/10853"}],"collection":[{"href":"https:\/\/www.revistarescatados.com.ar\/web\/wp-json\/wp\/v2\/posts"}],"about":[{"href":"https:\/\/www.revistarescatados.com.ar\/web\/wp-json\/wp\/v2\/types\/post"}],"author":[{"embeddable":true,"href":"https:\/\/www.revistarescatados.com.ar\/web\/wp-json\/wp\/v2\/users\/1"}],"replies":[{"embeddable":true,"href":"https:\/\/www.revistarescatados.com.ar\/web\/wp-json\/wp\/v2\/comments?post=10853"}],"version-history":[{"count":1,"href":"https:\/\/www.revistarescatados.com.ar\/web\/wp-json\/wp\/v2\/posts\/10853\/revisions"}],"predecessor-version":[{"id":10854,"href":"https:\/\/www.revistarescatados.com.ar\/web\/wp-json\/wp\/v2\/posts\/10853\/revisions\/10854"}],"wp:featuredmedia":[{"embeddable":true,"href":"https:\/\/www.revistarescatados.com.ar\/web\/wp-json\/wp\/v2\/media\/691"}],"wp:attachment":[{"href":"https:\/\/www.revistarescatados.com.ar\/web\/wp-json\/wp\/v2\/media?parent=10853"}],"wp:term":[{"taxonomy":"category","embeddable":true,"href":"https:\/\/www.revistarescatados.com.ar\/web\/wp-json\/wp\/v2\/categories?post=10853"},{"taxonomy":"post_tag","embeddable":true,"href":"https:\/\/www.revistarescatados.com.ar\/web\/wp-json\/wp\/v2\/tags?post=10853"}],"curies":[{"name":"wp","href":"https:\/\/api.w.org\/{rel}","templated":true}]}}