{"id":10991,"date":"2020-09-30T02:20:45","date_gmt":"2020-09-30T05:20:45","guid":{"rendered":"http:\/\/www.revistarescatados.com.ar\/web\/?p=10991"},"modified":"2020-09-30T02:20:47","modified_gmt":"2020-09-30T05:20:47","slug":"el-concejo-municipal-solicita-un-plan-de-regularizacion-tributaria-para-contribuyentes-de-calchaqui","status":"publish","type":"post","link":"https:\/\/www.revistarescatados.com.ar\/web\/2020\/09\/30\/el-concejo-municipal-solicita-un-plan-de-regularizacion-tributaria-para-contribuyentes-de-calchaqui\/","title":{"rendered":"El Concejo Municipal solicita un plan de regularizaci\u00f3n tributaria para contribuyentes de Calchaqu\u00ed"},"content":{"rendered":"\n<figure class=\"wp-block-image size-large\"><img loading=\"lazy\" width=\"960\" height=\"540\" src=\"http:\/\/www.revistarescatados.com.ar\/web\/wp-content\/uploads\/2020\/08\/intendente-y-concejales.jpg\" alt=\"\" class=\"wp-image-10581\" srcset=\"https:\/\/www.revistarescatados.com.ar\/web\/wp-content\/uploads\/2020\/08\/intendente-y-concejales.jpg 960w, https:\/\/www.revistarescatados.com.ar\/web\/wp-content\/uploads\/2020\/08\/intendente-y-concejales-300x169.jpg 300w, https:\/\/www.revistarescatados.com.ar\/web\/wp-content\/uploads\/2020\/08\/intendente-y-concejales-768x432.jpg 768w\" sizes=\"(max-width: 960px) 100vw, 960px\" \/><\/figure>\n\n\n\n<p><strong><span class=\"has-inline-color has-vivid-red-color\">Le pide al ejecutivo que elabore una moratoria en base a la ley nacional N\u00b0 27562. Adem\u00e1s le solicit\u00f3 el env\u00edo de la ejecuci\u00f3n presupuestaria del a\u00f1o 2019 para su an\u00e1lisis y tratamiento.<\/span><\/strong><\/p>\n\n\n\n<p>En la sesi\u00f3n del pasado 10 de septiembre, el Concejo Municipal sancion\u00f3 las comunicaciones N\u00ba 001\/2020 &nbsp;sobre el presupuesto ejecutado del a\u00f1o pasado y 002\/2020 que contemple una moratoria para contribuyentes.<\/p>\n\n\n\n<p><strong><span class=\"has-inline-color has-vivid-red-color\">EJECUTADO 2019<\/span><\/strong><\/p>\n\n\n\n<p>En la primera minuta, los ediles indican \u201ca la fecha el D.E.M. no ha enviado a este cuerpo la Ejecuci\u00f3n Presupuestar\u00eda del A\u00f1o 2019 para su an\u00e1lisis y tratamiento\u201d. Adem\u00e1s agregan que \u201ces responsabilidad del Honorable Concejo Municipal,&nbsp; como organismo de contralor, analizar con rigor cr\u00edtico el cierre de cuentas y rendici\u00f3n presupuestaria correspondiente al ejercicio en cuesti\u00f3n\u201d.<\/p>\n\n\n\n<p><strong><span class=\"has-inline-color has-vivid-red-color\">MORATORIA<\/span><\/strong><\/p>\n\n\n\n<p>En segunda instancia le piden al &nbsp;\u201cD.E.M. a elaborar y elevar a este H.C.M. un Plan de Regularizaci\u00f3n Tributaria para Contribuyentes de Tasa, Derechos, Contribuciones por Mejora y\/o Multas, utilizando como marco de referencia lo establecido por los puntos centrales de la Ley 27562, promulgada por el Dto. 669\/2020 del P.E.N\u201d.<\/p>\n\n\n\n<p>La Ley N\u00ba 27562 establece una amplia Moratoria para paliar los efectos de la pandemia generada por el COVID-19.<\/p>\n\n\n\n<p>Los Contribuyentes responsables de los tributos y de los recursos de la seguridad social, podr\u00e1n acogerse a este r\u00e9gimen de regularizaci\u00f3n de deudas tributarias y de los recursos de la seguridad social y de condonaci\u00f3n de intereses, multas y dem\u00e1s sanciones, por las obligaciones vencidas al 31 de julio de 2020 inclusive, o infracciones relacionadas con dichas obligaciones.<\/p>\n\n\n\n<p><strong>Puntos centrales de la moratoria son los siguientes:<\/strong><\/p>\n\n\n\n<p>\u2022&nbsp;&nbsp;&nbsp;&nbsp;&nbsp;&nbsp;&nbsp;&nbsp;&nbsp;&nbsp;&nbsp;&nbsp; Se incluyen las deudas previsionales, impositivas y aduaneras vencidas hasta el 31 de julio.<\/p>\n\n\n\n<p>\u2022&nbsp;&nbsp;&nbsp;&nbsp;&nbsp;&nbsp;&nbsp;&nbsp;&nbsp;&nbsp;&nbsp;&nbsp; Se establece el plazo hasta el 31 de octubre para inscribirse en la moratoria.<\/p>\n\n\n\n<p>\u2022&nbsp;&nbsp;&nbsp;&nbsp;&nbsp;&nbsp;&nbsp;&nbsp;&nbsp;&nbsp;&nbsp;&nbsp; El primer pago de la moratoria vencer\u00e1 en diciembre.<\/p>\n\n\n\n<p>\u2022&nbsp;&nbsp;&nbsp;&nbsp;&nbsp;&nbsp;&nbsp;&nbsp;&nbsp;&nbsp;&nbsp;&nbsp; Las deudas seg\u00fan su origen, se podr\u00e1n pagar en un plazo de entre 48 y 60 cuotas, o bien entre 96 o 120 cuotas.<\/p>\n\n\n\n<p>\u2022&nbsp;&nbsp;&nbsp;&nbsp;&nbsp;&nbsp;&nbsp;&nbsp;&nbsp;&nbsp;&nbsp;&nbsp; La tasa de inter\u00e9s del plan de pago en cuotas ser\u00e1 del 2% mensual hasta enero de 2021 y luego se aplicar\u00e1 una tasa variable, calculada por el BCRA -tasa BADLAR-.<\/p>\n\n\n\n<p>\u2022&nbsp;&nbsp;&nbsp;&nbsp;&nbsp;&nbsp;&nbsp;&nbsp;&nbsp;&nbsp;&nbsp;&nbsp; Se establece un premio a los cumplidores y, consistente en algunos casos en la condonaci\u00f3n de componentes impositivos o disminuci\u00f3n de la base imponible en otros. En ning\u00fan caso el l\u00edmite del beneficio podr\u00e1 superar los 17.500 pesos.<\/p>\n\n\n\n<p>\u2022&nbsp;&nbsp;&nbsp;&nbsp;&nbsp;&nbsp;&nbsp;&nbsp;&nbsp;&nbsp;&nbsp;&nbsp; Habr\u00e1 un descuento del 15% para quienes paguen al contado.<\/p>\n\n\n\n<p>\u2022&nbsp;&nbsp;&nbsp;&nbsp;&nbsp;&nbsp;&nbsp;&nbsp;&nbsp;&nbsp;&nbsp;&nbsp; La caducidad de la moratoria ser\u00e1 por falta de pago de 6 cuotas.<\/p>\n","protected":false},"excerpt":{"rendered":"<p>Le pide al ejecutivo que elabore una moratoria en base a la ley nacional N\u00b0 27562. Adem\u00e1s le solicit\u00f3 el env\u00edo de la ejecuci\u00f3n presupuestaria del a\u00f1o 2019 para su an\u00e1lisis y&#46;&#46;&#46;<\/p>\n","protected":false},"author":1,"featured_media":3701,"comment_status":"closed","ping_status":"open","sticky":false,"template":"","format":"standard","meta":[],"categories":[2,3,10,13],"tags":[],"_links":{"self":[{"href":"https:\/\/www.revistarescatados.com.ar\/web\/wp-json\/wp\/v2\/posts\/10991"}],"collection":[{"href":"https:\/\/www.revistarescatados.com.ar\/web\/wp-json\/wp\/v2\/posts"}],"about":[{"href":"https:\/\/www.revistarescatados.com.ar\/web\/wp-json\/wp\/v2\/types\/post"}],"author":[{"embeddable":true,"href":"https:\/\/www.revistarescatados.com.ar\/web\/wp-json\/wp\/v2\/users\/1"}],"replies":[{"embeddable":true,"href":"https:\/\/www.revistarescatados.com.ar\/web\/wp-json\/wp\/v2\/comments?post=10991"}],"version-history":[{"count":1,"href":"https:\/\/www.revistarescatados.com.ar\/web\/wp-json\/wp\/v2\/posts\/10991\/revisions"}],"predecessor-version":[{"id":10992,"href":"https:\/\/www.revistarescatados.com.ar\/web\/wp-json\/wp\/v2\/posts\/10991\/revisions\/10992"}],"wp:featuredmedia":[{"embeddable":true,"href":"https:\/\/www.revistarescatados.com.ar\/web\/wp-json\/wp\/v2\/media\/3701"}],"wp:attachment":[{"href":"https:\/\/www.revistarescatados.com.ar\/web\/wp-json\/wp\/v2\/media?parent=10991"}],"wp:term":[{"taxonomy":"category","embeddable":true,"href":"https:\/\/www.revistarescatados.com.ar\/web\/wp-json\/wp\/v2\/categories?post=10991"},{"taxonomy":"post_tag","embeddable":true,"href":"https:\/\/www.revistarescatados.com.ar\/web\/wp-json\/wp\/v2\/tags?post=10991"}],"curies":[{"name":"wp","href":"https:\/\/api.w.org\/{rel}","templated":true}]}}