{"id":10997,"date":"2020-10-01T02:07:23","date_gmt":"2020-10-01T05:07:23","guid":{"rendered":"http:\/\/www.revistarescatados.com.ar\/web\/?p=10997"},"modified":"2020-10-01T02:08:40","modified_gmt":"2020-10-01T05:08:40","slug":"calchaqui-suma-dos-nuevos-pacientes-con-covid-19-aislados-en-el-cic","status":"publish","type":"post","link":"https:\/\/www.revistarescatados.com.ar\/web\/2020\/10\/01\/calchaqui-suma-dos-nuevos-pacientes-con-covid-19-aislados-en-el-cic\/","title":{"rendered":"Calchaqu\u00ed suma dos nuevos pacientes con covid-19 aislados en el CIC"},"content":{"rendered":"\n<figure class=\"wp-block-image size-large\"><img loading=\"lazy\" width=\"1024\" height=\"768\" src=\"http:\/\/www.revistarescatados.com.ar\/web\/wp-content\/uploads\/2020\/03\/Sala-en-el-CIC-1024x768.jpg\" alt=\"\" class=\"wp-image-8560\" srcset=\"https:\/\/www.revistarescatados.com.ar\/web\/wp-content\/uploads\/2020\/03\/Sala-en-el-CIC-1024x768.jpg 1024w, https:\/\/www.revistarescatados.com.ar\/web\/wp-content\/uploads\/2020\/03\/Sala-en-el-CIC-300x225.jpg 300w, https:\/\/www.revistarescatados.com.ar\/web\/wp-content\/uploads\/2020\/03\/Sala-en-el-CIC-768x576.jpg 768w, https:\/\/www.revistarescatados.com.ar\/web\/wp-content\/uploads\/2020\/03\/Sala-en-el-CIC.jpg 1040w\" sizes=\"(max-width: 1024px) 100vw, 1024px\" \/><\/figure>\n\n\n\n<p><strong><span class=\"has-inline-color has-vivid-red-color\">Presentan s\u00edntomas leves y cuentan \u00a0seguimiento m\u00e9dico. Se esperan 3 nuevos resultados. Fue derivado a Santa Fe un paciente positivo para continuar su tratamiento.<\/span><\/strong> <strong><span class=\"has-inline-color has-vivid-red-color\">Ya son 12 los casos positivos acumulados en la ciudad.<\/span><\/strong><\/p>\n\n\n\n<p>El Samco inform\u00f3 que se recibieron 3 resultados de hisopados: 2 positivos para covid 19 y 1 negativo. Los pacientes recientemente diagnosticados, se encuentran cumpliendo aislamiento en el CIC con s\u00edntomas leves y con \u00a0seguimiento m\u00e9dico.<\/p>\n\n\n\n<p>En el d\u00eda de la fecha&nbsp; fue necesario trasladar a&nbsp; un paciente covid + a centro de mayor complejidad de la cuidad de Santa fe .<\/p>\n\n\n\n<p>Se est\u00e1 a la espera de 3 resultados m\u00e1s.<\/p>\n\n\n\n<p>&#8220;Se solicita a la poblaci\u00f3n que siga respetando las medidas de distanciamiento social, higiene y utilizaci\u00f3n de barbijo, colaborando tambi\u00e9n con empat\u00eda y solidaridad ciudadana&#8221;, finaliza el comunicado del hospital.<\/p>\n","protected":false},"excerpt":{"rendered":"<p>Presentan s\u00edntomas leves y cuentan \u00a0seguimiento m\u00e9dico. Se esperan 3 nuevos resultados. Fue derivado a Santa Fe un paciente positivo para continuar su tratamiento. Ya son 12 los casos positivos acumulados en&#46;&#46;&#46;<\/p>\n","protected":false},"author":1,"featured_media":9508,"comment_status":"closed","ping_status":"open","sticky":false,"template":"","format":"standard","meta":[],"categories":[2,3,16,9,8],"tags":[],"_links":{"self":[{"href":"https:\/\/www.revistarescatados.com.ar\/web\/wp-json\/wp\/v2\/posts\/10997"}],"collection":[{"href":"https:\/\/www.revistarescatados.com.ar\/web\/wp-json\/wp\/v2\/posts"}],"about":[{"href":"https:\/\/www.revistarescatados.com.ar\/web\/wp-json\/wp\/v2\/types\/post"}],"author":[{"embeddable":true,"href":"https:\/\/www.revistarescatados.com.ar\/web\/wp-json\/wp\/v2\/users\/1"}],"replies":[{"embeddable":true,"href":"https:\/\/www.revistarescatados.com.ar\/web\/wp-json\/wp\/v2\/comments?post=10997"}],"version-history":[{"count":2,"href":"https:\/\/www.revistarescatados.com.ar\/web\/wp-json\/wp\/v2\/posts\/10997\/revisions"}],"predecessor-version":[{"id":10999,"href":"https:\/\/www.revistarescatados.com.ar\/web\/wp-json\/wp\/v2\/posts\/10997\/revisions\/10999"}],"wp:featuredmedia":[{"embeddable":true,"href":"https:\/\/www.revistarescatados.com.ar\/web\/wp-json\/wp\/v2\/media\/9508"}],"wp:attachment":[{"href":"https:\/\/www.revistarescatados.com.ar\/web\/wp-json\/wp\/v2\/media?parent=10997"}],"wp:term":[{"taxonomy":"category","embeddable":true,"href":"https:\/\/www.revistarescatados.com.ar\/web\/wp-json\/wp\/v2\/categories?post=10997"},{"taxonomy":"post_tag","embeddable":true,"href":"https:\/\/www.revistarescatados.com.ar\/web\/wp-json\/wp\/v2\/tags?post=10997"}],"curies":[{"name":"wp","href":"https:\/\/api.w.org\/{rel}","templated":true}]}}