{"id":11054,"date":"2020-10-06T01:49:29","date_gmt":"2020-10-06T04:49:29","guid":{"rendered":"http:\/\/www.revistarescatados.com.ar\/web\/?p=11054"},"modified":"2020-10-06T01:49:31","modified_gmt":"2020-10-06T04:49:31","slug":"jueves-y-viernes-habra-paro-de-empleados-municipales-y-comunales","status":"publish","type":"post","link":"https:\/\/www.revistarescatados.com.ar\/web\/2020\/10\/06\/jueves-y-viernes-habra-paro-de-empleados-municipales-y-comunales\/","title":{"rendered":"Jueves y viernes habr\u00e1 paro de empleados municipales y comunales"},"content":{"rendered":"\n<figure class=\"wp-block-image size-large\"><img loading=\"lazy\" width=\"1024\" height=\"768\" src=\"http:\/\/www.revistarescatados.com.ar\/web\/wp-content\/uploads\/2020\/09\/Centro-de-licencia-paro-1024x768.jpg\" alt=\"\" class=\"wp-image-10707\" srcset=\"https:\/\/www.revistarescatados.com.ar\/web\/wp-content\/uploads\/2020\/09\/Centro-de-licencia-paro-1024x768.jpg 1024w, https:\/\/www.revistarescatados.com.ar\/web\/wp-content\/uploads\/2020\/09\/Centro-de-licencia-paro-300x225.jpg 300w, https:\/\/www.revistarescatados.com.ar\/web\/wp-content\/uploads\/2020\/09\/Centro-de-licencia-paro-768x576.jpg 768w, https:\/\/www.revistarescatados.com.ar\/web\/wp-content\/uploads\/2020\/09\/Centro-de-licencia-paro.jpg 1152w\" sizes=\"(max-width: 1024px) 100vw, 1024px\" \/><\/figure>\n\n\n\n<p><strong><span class=\"has-inline-color has-vivid-red-color\">Este mi\u00e9rcoles habr\u00e1 protestas callejeras, en rutas, instalaci\u00f3n de carpas y concluir\u00e1 con un paro de 48 horas sin concurrencia a los lugares de trabajo el d\u00eda jueves 8 y viernes 9 pr\u00f3ximo en toda la provincia.<\/span><\/strong><\/p>\n\n\n\n<p>La Federaci\u00f3n de Sindicatos de Trabajadores Municipales ratifica las medidas de fuerza anunciadas para esta semana, las que pueden tener caracter\u00edsticas locales particulares seg\u00fan la situaci\u00f3n de extensi\u00f3n del COVID, la exigencia del estricto cumplimento de las guardias m\u00ednimas y la aplicaci\u00f3n de todos los protocolos de aislamiento.<\/p>\n\n\n\n<p>As\u00ed como fue resuelto mayoritariamente por el Plenario de Secretarios Generales de toda la Provincia reunido el pasado Jueves 1 de Octubre, las medidas de fuerza se llevar\u00e1n a cabo en todo el territorio provincial.<\/p>\n\n\n\n<p>Por su parte, el Sindicato de Rosario (cuyos trabajadores de la salud alcanzan el 50% de la planta municipal) aclar\u00f3 sus dificultades para cumplir con las acciones adoptadas como el resto de la provincia debido a la situaci\u00f3n epidemiol\u00f3gica en ese municipio y la sobrecarga de trabajo que sufren los propios trabajadores y el Plan de Lucha en esa jurisdicci\u00f3n contemplar\u00e1 visibilizar la protesta en los lugares de trabajo, la instalaci\u00f3n de una carpa frente al Palacio de los Leones, como as\u00ed tambi\u00e9n movilizaciones en conjunto con otros gremios de la regi\u00f3n. En tanto, el Sindicato Municipal de Santa Fe ampli\u00f3 a 96 horas el Paro, para incorporar reivindicaciones locales y propias de su \u00e1rea de influencia.<\/p>\n\n\n\n<p>Lamentablemente, sin acuerdo salarial, las medidas de fuerza se profundizar\u00e1n porque las y los trabajadores municipales y comunales -quienes estamos realizando controles, recogiendo residuos, atendiendo la salud, limpiando las calles y prestando los servicios de las localidades en plena pandemia- no podemos ser variable de ajuste ni quedar sumergidos bajo los \u00edndices de pobreza.<\/p>\n\n\n\n<p>Fuente \u2013 Prensa FESTRAM<\/p>\n","protected":false},"excerpt":{"rendered":"<p>Este mi\u00e9rcoles habr\u00e1 protestas callejeras, en rutas, instalaci\u00f3n de carpas y concluir\u00e1 con un paro de 48 horas sin concurrencia a los lugares de trabajo el d\u00eda jueves 8 y viernes 9&#46;&#46;&#46;<\/p>\n","protected":false},"author":1,"featured_media":4114,"comment_status":"closed","ping_status":"open","sticky":false,"template":"","format":"standard","meta":[],"categories":[2,3,10,12],"tags":[],"_links":{"self":[{"href":"https:\/\/www.revistarescatados.com.ar\/web\/wp-json\/wp\/v2\/posts\/11054"}],"collection":[{"href":"https:\/\/www.revistarescatados.com.ar\/web\/wp-json\/wp\/v2\/posts"}],"about":[{"href":"https:\/\/www.revistarescatados.com.ar\/web\/wp-json\/wp\/v2\/types\/post"}],"author":[{"embeddable":true,"href":"https:\/\/www.revistarescatados.com.ar\/web\/wp-json\/wp\/v2\/users\/1"}],"replies":[{"embeddable":true,"href":"https:\/\/www.revistarescatados.com.ar\/web\/wp-json\/wp\/v2\/comments?post=11054"}],"version-history":[{"count":1,"href":"https:\/\/www.revistarescatados.com.ar\/web\/wp-json\/wp\/v2\/posts\/11054\/revisions"}],"predecessor-version":[{"id":11055,"href":"https:\/\/www.revistarescatados.com.ar\/web\/wp-json\/wp\/v2\/posts\/11054\/revisions\/11055"}],"wp:featuredmedia":[{"embeddable":true,"href":"https:\/\/www.revistarescatados.com.ar\/web\/wp-json\/wp\/v2\/media\/4114"}],"wp:attachment":[{"href":"https:\/\/www.revistarescatados.com.ar\/web\/wp-json\/wp\/v2\/media?parent=11054"}],"wp:term":[{"taxonomy":"category","embeddable":true,"href":"https:\/\/www.revistarescatados.com.ar\/web\/wp-json\/wp\/v2\/categories?post=11054"},{"taxonomy":"post_tag","embeddable":true,"href":"https:\/\/www.revistarescatados.com.ar\/web\/wp-json\/wp\/v2\/tags?post=11054"}],"curies":[{"name":"wp","href":"https:\/\/api.w.org\/{rel}","templated":true}]}}