{"id":11057,"date":"2020-10-06T19:57:08","date_gmt":"2020-10-06T22:57:08","guid":{"rendered":"http:\/\/www.revistarescatados.com.ar\/web\/?p=11057"},"modified":"2020-10-06T19:57:10","modified_gmt":"2020-10-06T22:57:10","slug":"no-hay-intencion-oficial-de-modificar-los-controles-ni-habilitar-otros-ingresos-a-calchaqui","status":"publish","type":"post","link":"https:\/\/www.revistarescatados.com.ar\/web\/2020\/10\/06\/no-hay-intencion-oficial-de-modificar-los-controles-ni-habilitar-otros-ingresos-a-calchaqui\/","title":{"rendered":"No hay intenci\u00f3n oficial de modificar los controles ni habilitar otros ingresos a Calchaqu\u00ed"},"content":{"rendered":"\n<figure class=\"wp-block-image size-large\"><img loading=\"lazy\" width=\"1024\" height=\"683\" src=\"http:\/\/www.revistarescatados.com.ar\/web\/wp-content\/uploads\/2020\/10\/controles-ingreso-1024x683.jpg\" alt=\"\" class=\"wp-image-11058\" srcset=\"https:\/\/www.revistarescatados.com.ar\/web\/wp-content\/uploads\/2020\/10\/controles-ingreso-1024x683.jpg 1024w, https:\/\/www.revistarescatados.com.ar\/web\/wp-content\/uploads\/2020\/10\/controles-ingreso-300x200.jpg 300w, https:\/\/www.revistarescatados.com.ar\/web\/wp-content\/uploads\/2020\/10\/controles-ingreso-768x512.jpg 768w, https:\/\/www.revistarescatados.com.ar\/web\/wp-content\/uploads\/2020\/10\/controles-ingreso-1536x1024.jpg 1536w, https:\/\/www.revistarescatados.com.ar\/web\/wp-content\/uploads\/2020\/10\/controles-ingreso.jpg 1620w\" sizes=\"(max-width: 1024px) 100vw, 1024px\" \/><\/figure>\n\n\n\n<p><strong><span class=\"has-inline-color has-vivid-red-color\">Ante un creciente rumor de que se iban a levantar los bloqueos en los accesos, como tambi\u00e9n liberar el ingreso; el intendente Rub\u00e9n Cuello confirm\u00f3 que \u201coficialmente no hay ning\u00fan cambio y se mantendr\u00e1n los cuidados a nuestra poblaci\u00f3n\u201d.<\/span><\/strong><\/p>\n\n\n\n<p>En las \u00faltimas horas, creci\u00f3 un rumor que \u201cextraoficialmente\u201d se barajaba la posibilidad de suprimir los bloqueos de los accesos a la ciudad y en definitiva \u201cque cada uno se cuide\u201d. La especulaci\u00f3n crec\u00eda con la decisi\u00f3n de algunas localidades del sur provincial que habr\u00edan eliminado las restricciones.<\/p>\n\n\n\n<p>Atento a ello, Revista Rescatados consult\u00f3 al intendente Rub\u00e9n Cuello quien descart\u00f3 de plano cualquier medida que implique la liberalizaci\u00f3n de los controles en el ingreso a la ciudad. \u201cSe mantendr\u00e1n los cuidados a nuestra poblaci\u00f3n, no hay ning\u00fan cambio en las posiciones actuales.\u201d Adem\u00e1s indic\u00f3 desconocer el origen de semejante usina de rumores que atentan con la paz social en este contexto de pandemia.<\/p>\n\n\n\n<p>El \u00fanico acceso habilitado est\u00e1 ubicado en el boulevard Belgrano y Ruta 11. All\u00ed se llevan adelante los controles pertinentes como toma de temperatura corporal y asentamiento de datos personales como tambi\u00e9n motivos del ingreso a la ciudad. <\/p>\n\n\n\n<p>Cabe a\u00f1adir que a nivel regional se han intensificado los controles, tal como sucede en Vera o San Justo, donde deben gestionarse permisos especiales por internet ante cada municipio para poder ingresar al ejido urbano.<\/p>\n\n\n\n<p>El rumor incluso hab\u00eda llegado a autoridades sanitarias que tampoco consideran conveniente un acceso irrestricto y sin controles a la ciudad.<\/p>\n","protected":false},"excerpt":{"rendered":"<p>Ante un creciente rumor de que se iban a levantar los bloqueos en los accesos, como tambi\u00e9n liberar el ingreso; el intendente Rub\u00e9n Cuello confirm\u00f3 que \u201coficialmente no hay ning\u00fan cambio y&#46;&#46;&#46;<\/p>\n","protected":false},"author":1,"featured_media":11058,"comment_status":"closed","ping_status":"open","sticky":false,"template":"","format":"standard","meta":[],"categories":[2,3,8],"tags":[],"_links":{"self":[{"href":"https:\/\/www.revistarescatados.com.ar\/web\/wp-json\/wp\/v2\/posts\/11057"}],"collection":[{"href":"https:\/\/www.revistarescatados.com.ar\/web\/wp-json\/wp\/v2\/posts"}],"about":[{"href":"https:\/\/www.revistarescatados.com.ar\/web\/wp-json\/wp\/v2\/types\/post"}],"author":[{"embeddable":true,"href":"https:\/\/www.revistarescatados.com.ar\/web\/wp-json\/wp\/v2\/users\/1"}],"replies":[{"embeddable":true,"href":"https:\/\/www.revistarescatados.com.ar\/web\/wp-json\/wp\/v2\/comments?post=11057"}],"version-history":[{"count":1,"href":"https:\/\/www.revistarescatados.com.ar\/web\/wp-json\/wp\/v2\/posts\/11057\/revisions"}],"predecessor-version":[{"id":11059,"href":"https:\/\/www.revistarescatados.com.ar\/web\/wp-json\/wp\/v2\/posts\/11057\/revisions\/11059"}],"wp:featuredmedia":[{"embeddable":true,"href":"https:\/\/www.revistarescatados.com.ar\/web\/wp-json\/wp\/v2\/media\/11058"}],"wp:attachment":[{"href":"https:\/\/www.revistarescatados.com.ar\/web\/wp-json\/wp\/v2\/media?parent=11057"}],"wp:term":[{"taxonomy":"category","embeddable":true,"href":"https:\/\/www.revistarescatados.com.ar\/web\/wp-json\/wp\/v2\/categories?post=11057"},{"taxonomy":"post_tag","embeddable":true,"href":"https:\/\/www.revistarescatados.com.ar\/web\/wp-json\/wp\/v2\/tags?post=11057"}],"curies":[{"name":"wp","href":"https:\/\/api.w.org\/{rel}","templated":true}]}}