{"id":11097,"date":"2020-10-09T21:54:23","date_gmt":"2020-10-10T00:54:23","guid":{"rendered":"http:\/\/www.revistarescatados.com.ar\/web\/?p=11097"},"modified":"2020-10-09T21:54:24","modified_gmt":"2020-10-10T00:54:24","slug":"bastia-rechazo-el-veto-al-bono-para-docentes-reemplazantes","status":"publish","type":"post","link":"https:\/\/www.revistarescatados.com.ar\/web\/2020\/10\/09\/bastia-rechazo-el-veto-al-bono-para-docentes-reemplazantes\/","title":{"rendered":"Bast\u00eda rechaz\u00f3 el veto al bono para docentes reemplazantes"},"content":{"rendered":"\n<figure class=\"wp-block-image size-large\"><img loading=\"lazy\" width=\"1024\" height=\"682\" src=\"http:\/\/www.revistarescatados.com.ar\/web\/wp-content\/uploads\/2020\/10\/Bastia-1-1-1024x682.jpg\" alt=\"\" class=\"wp-image-11098\" srcset=\"https:\/\/www.revistarescatados.com.ar\/web\/wp-content\/uploads\/2020\/10\/Bastia-1-1-1024x682.jpg 1024w, https:\/\/www.revistarescatados.com.ar\/web\/wp-content\/uploads\/2020\/10\/Bastia-1-1-300x200.jpg 300w, https:\/\/www.revistarescatados.com.ar\/web\/wp-content\/uploads\/2020\/10\/Bastia-1-1-768x511.jpg 768w, https:\/\/www.revistarescatados.com.ar\/web\/wp-content\/uploads\/2020\/10\/Bastia-1-1.jpg 1280w\" sizes=\"(max-width: 1024px) 100vw, 1024px\" \/><\/figure>\n\n\n\n<p><strong><span class=\"has-inline-color has-vivid-red-color\">&#8220;Rechazamos el veto gubernamental al tema de ayuda a docentes remplazantes&#8221;, se\u00f1al\u00f3 el diputado provincial Fabi\u00e1n Bast\u00eda.<\/span><\/strong> <strong><span class=\"has-inline-color has-vivid-red-color\">Adem\u00e1s se sancion\u00f3 una ley de emergencia al transporte p\u00fablico de pasajeros.<\/span><\/strong><\/p>\n\n\n\n<p>Por unanimidad, la C\u00e1mara de Diputados rechaz\u00f3 el veto con texto alternativo del Poder Ejecutivo, a una ley que le otorgaba instrumentos para reconocer la situaci\u00f3n de docentes y asistentes escolares reemplazantes.<\/p>\n\n\n\n<p>En ese sentido, Bastia se\u00f1al\u00f3 que es un beneficio para quienes en dichos rubros, &#8220;quedaron sin ingresos desde la pandemia. Ahora lo enviamos al Senado para que se expida al respecto&#8221;.<br>&nbsp;<br>Asimismo, el diputado Fabi\u00e1n Bastia dijo que tambi\u00e9n por unanimidad, &#8220;sancionamos una ley declarando en emergencia el transporte automotor de pasajeros, en servicios urbanos, suburbanos e interurbanos&#8221;.<\/p>\n\n\n\n<p>Esta medida regir\u00e1 en forma paralela a la ley nacional 27541 de emergencia p\u00fablica en materia sanitaria.<\/p>\n","protected":false},"excerpt":{"rendered":"<p>&#8220;Rechazamos el veto gubernamental al tema de ayuda a docentes remplazantes&#8221;, se\u00f1al\u00f3 el diputado provincial Fabi\u00e1n Bast\u00eda. Adem\u00e1s se sancion\u00f3 una ley de emergencia al transporte p\u00fablico de pasajeros. Por unanimidad, la&#46;&#46;&#46;<\/p>\n","protected":false},"author":1,"featured_media":11098,"comment_status":"closed","ping_status":"open","sticky":false,"template":"","format":"standard","meta":[],"categories":[4,10,13,8],"tags":[],"_links":{"self":[{"href":"https:\/\/www.revistarescatados.com.ar\/web\/wp-json\/wp\/v2\/posts\/11097"}],"collection":[{"href":"https:\/\/www.revistarescatados.com.ar\/web\/wp-json\/wp\/v2\/posts"}],"about":[{"href":"https:\/\/www.revistarescatados.com.ar\/web\/wp-json\/wp\/v2\/types\/post"}],"author":[{"embeddable":true,"href":"https:\/\/www.revistarescatados.com.ar\/web\/wp-json\/wp\/v2\/users\/1"}],"replies":[{"embeddable":true,"href":"https:\/\/www.revistarescatados.com.ar\/web\/wp-json\/wp\/v2\/comments?post=11097"}],"version-history":[{"count":1,"href":"https:\/\/www.revistarescatados.com.ar\/web\/wp-json\/wp\/v2\/posts\/11097\/revisions"}],"predecessor-version":[{"id":11099,"href":"https:\/\/www.revistarescatados.com.ar\/web\/wp-json\/wp\/v2\/posts\/11097\/revisions\/11099"}],"wp:featuredmedia":[{"embeddable":true,"href":"https:\/\/www.revistarescatados.com.ar\/web\/wp-json\/wp\/v2\/media\/11098"}],"wp:attachment":[{"href":"https:\/\/www.revistarescatados.com.ar\/web\/wp-json\/wp\/v2\/media?parent=11097"}],"wp:term":[{"taxonomy":"category","embeddable":true,"href":"https:\/\/www.revistarescatados.com.ar\/web\/wp-json\/wp\/v2\/categories?post=11097"},{"taxonomy":"post_tag","embeddable":true,"href":"https:\/\/www.revistarescatados.com.ar\/web\/wp-json\/wp\/v2\/tags?post=11097"}],"curies":[{"name":"wp","href":"https:\/\/api.w.org\/{rel}","templated":true}]}}