{"id":11186,"date":"2020-10-20T01:29:13","date_gmt":"2020-10-20T04:29:13","guid":{"rendered":"http:\/\/www.revistarescatados.com.ar\/web\/?p=11186"},"modified":"2020-10-20T01:29:15","modified_gmt":"2020-10-20T04:29:15","slug":"el-senado-aprobo-un-proyecto-de-ley-para-incluir-en-la-ley-5110-a-victimas-de-violencia-de-genero","status":"publish","type":"post","link":"https:\/\/www.revistarescatados.com.ar\/web\/2020\/10\/20\/el-senado-aprobo-un-proyecto-de-ley-para-incluir-en-la-ley-5110-a-victimas-de-violencia-de-genero\/","title":{"rendered":"El senado aprob\u00f3 un proyecto de ley para incluir en la Ley 5110 a v\u00edctimas de violencia de g\u00e9nero"},"content":{"rendered":"\n<figure class=\"wp-block-image size-large\"><img loading=\"lazy\" width=\"630\" height=\"399\" src=\"http:\/\/www.revistarescatados.com.ar\/web\/wp-content\/uploads\/2019\/02\/abuso.jpg\" alt=\"\" class=\"wp-image-3724\" srcset=\"https:\/\/www.revistarescatados.com.ar\/web\/wp-content\/uploads\/2019\/02\/abuso.jpg 630w, https:\/\/www.revistarescatados.com.ar\/web\/wp-content\/uploads\/2019\/02\/abuso-300x190.jpg 300w\" sizes=\"(max-width: 630px) 100vw, 630px\" \/><\/figure>\n\n\n\n<p><strong><span class=\"has-inline-color has-vivid-red-color\">En la sesi\u00f3n del d\u00eda jueves 15 de Octubre, el Senado de la provincia de Santa Fe vot\u00f3 la media sanci\u00f3n de la reforma de la Ley 5110.<\/span><\/strong> <\/p>\n\n\n\n<p>El proyecto que fuera presentado por los Senadores Alcides Calvo (PJ-Castellanos) y Rodrigo Borla (U.C.R-San Justo), apunta a mejorar el haber pensionario y poder mantener la capacidad adquisitiva de los beneficiarios (ancianos, inv\u00e1lidos, madres y menores indigentes).<\/p>\n\n\n\n<p>As\u00ed como tambi\u00e9n incluir a sectores que hoy carecen de cobertura social, tal el caso de v\u00edctimas de violencia de g\u00e9nero, personas trasplantadas o en lista de espera, travestis, transexuales y transg\u00e9nero.<\/p>\n","protected":false},"excerpt":{"rendered":"<p>En la sesi\u00f3n del d\u00eda jueves 15 de Octubre, el Senado de la provincia de Santa Fe vot\u00f3 la media sanci\u00f3n de la reforma de la Ley 5110. El proyecto que fuera&#46;&#46;&#46;<\/p>\n","protected":false},"author":1,"featured_media":3724,"comment_status":"closed","ping_status":"open","sticky":false,"template":"","format":"standard","meta":[],"categories":[13,12,8],"tags":[],"_links":{"self":[{"href":"https:\/\/www.revistarescatados.com.ar\/web\/wp-json\/wp\/v2\/posts\/11186"}],"collection":[{"href":"https:\/\/www.revistarescatados.com.ar\/web\/wp-json\/wp\/v2\/posts"}],"about":[{"href":"https:\/\/www.revistarescatados.com.ar\/web\/wp-json\/wp\/v2\/types\/post"}],"author":[{"embeddable":true,"href":"https:\/\/www.revistarescatados.com.ar\/web\/wp-json\/wp\/v2\/users\/1"}],"replies":[{"embeddable":true,"href":"https:\/\/www.revistarescatados.com.ar\/web\/wp-json\/wp\/v2\/comments?post=11186"}],"version-history":[{"count":1,"href":"https:\/\/www.revistarescatados.com.ar\/web\/wp-json\/wp\/v2\/posts\/11186\/revisions"}],"predecessor-version":[{"id":11187,"href":"https:\/\/www.revistarescatados.com.ar\/web\/wp-json\/wp\/v2\/posts\/11186\/revisions\/11187"}],"wp:featuredmedia":[{"embeddable":true,"href":"https:\/\/www.revistarescatados.com.ar\/web\/wp-json\/wp\/v2\/media\/3724"}],"wp:attachment":[{"href":"https:\/\/www.revistarescatados.com.ar\/web\/wp-json\/wp\/v2\/media?parent=11186"}],"wp:term":[{"taxonomy":"category","embeddable":true,"href":"https:\/\/www.revistarescatados.com.ar\/web\/wp-json\/wp\/v2\/categories?post=11186"},{"taxonomy":"post_tag","embeddable":true,"href":"https:\/\/www.revistarescatados.com.ar\/web\/wp-json\/wp\/v2\/tags?post=11186"}],"curies":[{"name":"wp","href":"https:\/\/api.w.org\/{rel}","templated":true}]}}