{"id":11188,"date":"2020-10-20T01:40:10","date_gmt":"2020-10-20T04:40:10","guid":{"rendered":"http:\/\/www.revistarescatados.com.ar\/web\/?p=11188"},"modified":"2020-10-20T01:40:11","modified_gmt":"2020-10-20T04:40:11","slug":"nuevo-caso-positivo-y-3-sospechosos-de-coronavirus-en-calchaqui","status":"publish","type":"post","link":"https:\/\/www.revistarescatados.com.ar\/web\/2020\/10\/20\/nuevo-caso-positivo-y-3-sospechosos-de-coronavirus-en-calchaqui\/","title":{"rendered":"Nuevo caso positivo y 3 sospechosos de coronavirus en Calchaqu\u00ed"},"content":{"rendered":"\n<figure class=\"wp-block-image size-large is-resized\"><img loading=\"lazy\" src=\"http:\/\/www.revistarescatados.com.ar\/web\/wp-content\/uploads\/2020\/09\/Guardia-Hospital.jpg\" alt=\"\" class=\"wp-image-10822\" width=\"594\" height=\"446\" srcset=\"https:\/\/www.revistarescatados.com.ar\/web\/wp-content\/uploads\/2020\/09\/Guardia-Hospital.jpg 500w, https:\/\/www.revistarescatados.com.ar\/web\/wp-content\/uploads\/2020\/09\/Guardia-Hospital-300x225.jpg 300w\" sizes=\"(max-width: 594px) 100vw, 594px\" \/><\/figure>\n\n\n\n<p><strong><span class=\"has-inline-color has-vivid-red-color\">As\u00ed ya suman 21 casos acumulados y solo 4 activos. Hay 40 personas aisladas preventivamente. Adem\u00e1s se sum\u00f3 otro caso positivo en la ciudad de Vera que  casi llega al centenar de pacientes acumulados.<\/span><\/strong><\/p>\n\n\n\n<p><strong>VERA<\/strong><\/p>\n\n\n\n<p><strong>Positivos Nuevos 1.<\/strong><\/p>\n\n\n\n<p>Resultados Negativos 6.<\/p>\n\n\n\n<p>Los 7 resultados fueron determinados por m\u00e9todo AG en el Laboratorio del Hospital Regional Vera.<\/p>\n\n\n\n<p>En el d\u00eda de la fecha se hisop\u00f3 a 1 persona por m\u00e9todo PCR.<\/p>\n\n\n\n<p>Casos positivos acumulados 98.<\/p>\n\n\n\n<p>Total de Recuperados 64. En el d\u00eda de la fecha se les otorg\u00f3 el alta a 4 personas.<\/p>\n\n\n\n<p>Fallecidos acumulados: 2.<\/p>\n\n\n\n<p>Positivos Activos 32. (5 internados en el Hospital de Vera en condiciones estables; 1 internado en el hospital central de Reconquista; 26 en su domicilio o lugar de residencia con buen estado de salud).<\/p>\n\n\n\n<p>Personas en aislamiento preventivo: 264. (233 tuvieron contacto estrecho con casos positivos; y 31 son provenientes de zona con circulaci\u00f3n viral comunitaria).<\/p>\n\n\n\n<p><strong>CALCHAQUI<\/strong><\/p>\n\n\n\n<p><strong>Positivos Nuevos 1.<\/strong><\/p>\n\n\n\n<p>Sospechosos 3. Cursando aislamiento en su domicilio quienes ser\u00e1n hisopados en los pr\u00f3ximos d\u00edas.<\/p>\n\n\n\n<p>Positivos acumulados 21.<\/p>\n\n\n\n<p>Incluyendo el paciente de nuestra localidad que cursara aislamiento y tratamiento en un Hospital de la ciudad de Santa Fe (*).<\/p>\n\n\n\n<p>Total de Recuperados 15. En el d\u00eda de la fecha se le otorg\u00f3 el alta a 1 paciente que cursara aislamiento y tratamiento en un centro de la ciudad de Santa Fe.<\/p>\n\n\n\n<p>Fallecidos 2.<\/p>\n\n\n\n<p>Positivos Activos 4. (1 internado en el hospital Cullen de Santa Fe en condiciones estables; 3 se encuentran cursando aislamiento y tratamiento en sus domicilios con buen estado de salud).<\/p>\n\n\n\n<p>Personas en aislamiento preventivo: 40.<\/p>\n\n\n\n<p><strong>MARGARITA<\/strong><\/p>\n\n\n\n<p>Resultados Negativos 1.<\/p>\n\n\n\n<p>En el d\u00eda de la fecha se hisoparon a 2 personas.<\/p>\n\n\n\n<p>Casos positivos acumulados 76.<\/p>\n\n\n\n<p>Total de Recuperados 62. En el d\u00eda de la fecha se les otorg\u00f3 el alta a 2 personas.<\/p>\n\n\n\n<p>Fallecidos 1.<\/p>\n\n\n\n<p>Positivos Activos 13. (Cursando aislamiento y tratamiento en su domicilio con buen estado de salud).<\/p>\n\n\n\n<p>Personas en aislamiento preventivo: 37.<\/p>\n\n\n\n<p>Informe diario. Departamento VERA<\/p>\n\n\n\n<p>Informe epidemiol\u00f3gico de fecha 19\/10\/2020. 20,00 hs.<\/p>\n\n\n\n<p><strong>LA GALLARETA<\/strong><\/p>\n\n\n\n<p>A la espera de 4 Resultados.<\/p>\n\n\n\n<p>(Corresponden a los hisopados del 17 y 18\/10, las personas sospechosas cursan aislamiento en su domicilio)<\/p>\n\n\n\n<p>Casos positivos acumulados 8.<\/p>\n\n\n\n<p>Fallecidos 1.<\/p>\n\n\n\n<p>Recuperados 2.<\/p>\n\n\n\n<p>Positivos Activos 5. (1 internado en el Hospital de Vera; 1 en el hospital central de Reconquista; 3 cursan aislamiento y tratamiento en su domicilio con buena evoluci\u00f3n).<\/p>\n\n\n\n<p>Personas en aislamiento preventivo: 60. (20 tuvieron contacto estrecho con los casos positivos; y 40 fueron provenientes de zona con circulaci\u00f3n viral comunitaria).<\/p>\n\n\n\n<p><strong>FORTIN OLMOS<\/strong><\/p>\n\n\n\n<p>Casos positivos acumulados 2.<\/p>\n\n\n\n<p>Recuperados 1.<\/p>\n\n\n\n<p>Positivos Activos 1. Cursando aislamiento y tratamiento en el hospital de Vera.<\/p>\n\n\n\n<p>Personas en aislamiento preventivo: 65. (33 tuvieron contacto estrecho con el positivo y con casos positivos de otra localidad; 32 son provenientes de zonas con circulaci\u00f3n viral, todas en su domicilio con buen estado de salud).<\/p>\n\n\n\n<p><strong>INTIYACO<\/strong><\/p>\n\n\n\n<p>Sospechosos 1. Con nexo epidemiol\u00f3gico definido, ser\u00e1 hisopado en los pr\u00f3ximos d\u00edas.<\/p>\n\n\n\n<p>Casos positivos acumulados 4.<\/p>\n\n\n\n<p>Recuperados 1.<\/p>\n\n\n\n<p>Positivos Activos 3. Cursando aislamiento en su domicilio con buen estado de salud.<\/p>\n\n\n\n<p>Personas en aislamiento preventivo 4. (Tuvieron contacto estrecho con los casos positivos, todas en su domicilio con buen estado de salud).<\/p>\n\n\n\n<p><strong>GARABATO<\/strong><\/p>\n\n\n\n<p>Casos positivos acumulados 2.<\/p>\n\n\n\n<p>Recuperados 1.<\/p>\n\n\n\n<p>Positivos Activos 1. Cursando aislamiento en su domicilio con buen estado de salud.<\/p>\n\n\n\n<p>Personas en aislamiento preventivo: 31. (23 tuvieron contacto estrecho con el positivo; y 8 son provenientes de zona con circulaci\u00f3n viral comunitaria, en buen estado de salud).<\/p>\n\n\n\n<p><strong>TARTAGAL<\/strong><\/p>\n\n\n\n<p>Personas en aislamiento preventivo: 24. (1 tuvo contacto estrecho con un caso positivo, hasta el momento de emitir este informe asintom\u00e1tico; 20 tuvieron contacto con el contacto estrecho del positivo; 3 provenientes de zona con circulaci\u00f3n viral comunitaria)<\/p>\n\n\n\n<p><strong>RESTO DE LAS LOCALIDADES DEL DEPARTAMENTO<\/strong><\/p>\n\n\n\n<p>Sin Novedades.<\/p>\n","protected":false},"excerpt":{"rendered":"<p>As\u00ed ya suman 21 casos acumulados y solo 4 activos. Hay 40 personas aisladas preventivamente. Adem\u00e1s se sum\u00f3 otro caso positivo en la ciudad de Vera que casi llega al centenar de&#46;&#46;&#46;<\/p>\n","protected":false},"author":1,"featured_media":9293,"comment_status":"closed","ping_status":"open","sticky":false,"template":"","format":"standard","meta":[],"categories":[2,3,9],"tags":[],"_links":{"self":[{"href":"https:\/\/www.revistarescatados.com.ar\/web\/wp-json\/wp\/v2\/posts\/11188"}],"collection":[{"href":"https:\/\/www.revistarescatados.com.ar\/web\/wp-json\/wp\/v2\/posts"}],"about":[{"href":"https:\/\/www.revistarescatados.com.ar\/web\/wp-json\/wp\/v2\/types\/post"}],"author":[{"embeddable":true,"href":"https:\/\/www.revistarescatados.com.ar\/web\/wp-json\/wp\/v2\/users\/1"}],"replies":[{"embeddable":true,"href":"https:\/\/www.revistarescatados.com.ar\/web\/wp-json\/wp\/v2\/comments?post=11188"}],"version-history":[{"count":1,"href":"https:\/\/www.revistarescatados.com.ar\/web\/wp-json\/wp\/v2\/posts\/11188\/revisions"}],"predecessor-version":[{"id":11189,"href":"https:\/\/www.revistarescatados.com.ar\/web\/wp-json\/wp\/v2\/posts\/11188\/revisions\/11189"}],"wp:featuredmedia":[{"embeddable":true,"href":"https:\/\/www.revistarescatados.com.ar\/web\/wp-json\/wp\/v2\/media\/9293"}],"wp:attachment":[{"href":"https:\/\/www.revistarescatados.com.ar\/web\/wp-json\/wp\/v2\/media?parent=11188"}],"wp:term":[{"taxonomy":"category","embeddable":true,"href":"https:\/\/www.revistarescatados.com.ar\/web\/wp-json\/wp\/v2\/categories?post=11188"},{"taxonomy":"post_tag","embeddable":true,"href":"https:\/\/www.revistarescatados.com.ar\/web\/wp-json\/wp\/v2\/tags?post=11188"}],"curies":[{"name":"wp","href":"https:\/\/api.w.org\/{rel}","templated":true}]}}