{"id":11257,"date":"2020-10-22T22:30:04","date_gmt":"2020-10-23T01:30:04","guid":{"rendered":"http:\/\/www.revistarescatados.com.ar\/web\/?p=11257"},"modified":"2020-10-22T22:30:05","modified_gmt":"2020-10-23T01:30:05","slug":"el-senador-osvaldo-sosa-entrego-maquinaria-a-ladrilleros-de-calchaqui","status":"publish","type":"post","link":"https:\/\/www.revistarescatados.com.ar\/web\/2020\/10\/22\/el-senador-osvaldo-sosa-entrego-maquinaria-a-ladrilleros-de-calchaqui\/","title":{"rendered":"El senador Osvaldo Sosa entreg\u00f3 maquinaria a ladrilleros de Calchaqu\u00ed"},"content":{"rendered":"\n<figure class=\"wp-block-image size-large\"><img loading=\"lazy\" width=\"1024\" height=\"380\" src=\"http:\/\/www.revistarescatados.com.ar\/web\/wp-content\/uploads\/2020\/10\/ladrilleros-1024x380.jpg\" alt=\"\" class=\"wp-image-11258\" srcset=\"https:\/\/www.revistarescatados.com.ar\/web\/wp-content\/uploads\/2020\/10\/ladrilleros-1024x380.jpg 1024w, https:\/\/www.revistarescatados.com.ar\/web\/wp-content\/uploads\/2020\/10\/ladrilleros-300x111.jpg 300w, https:\/\/www.revistarescatados.com.ar\/web\/wp-content\/uploads\/2020\/10\/ladrilleros-768x285.jpg 768w, https:\/\/www.revistarescatados.com.ar\/web\/wp-content\/uploads\/2020\/10\/ladrilleros-1536x570.jpg 1536w, https:\/\/www.revistarescatados.com.ar\/web\/wp-content\/uploads\/2020\/10\/ladrilleros-2048x759.jpg 2048w\" sizes=\"(max-width: 1024px) 100vw, 1024px\" \/><\/figure>\n\n\n\n<p><strong><span class=\"has-inline-color has-vivid-red-color\">Un grupo de ladrilleros de la comunidad aborigen recibieron \u00a0un motor y una bomba para extraer agua para avanzar con su proyecto productivo del que participan cerca de una veintena de j\u00f3venes y miembros de la comunidad. Tambi\u00e9n se entreg\u00f3 un aporte al ISP N\u00ba 66 por el evento virtual \u201cEmprender Calchaqu\u00ed 2020\u201d.<\/span><\/strong><\/p>\n\n\n\n<figure class=\"wp-block-image size-large\"><img loading=\"lazy\" width=\"818\" height=\"718\" src=\"http:\/\/www.revistarescatados.com.ar\/web\/wp-content\/uploads\/2020\/10\/ladrilleros-1.jpg\" alt=\"\" class=\"wp-image-11261\" srcset=\"https:\/\/www.revistarescatados.com.ar\/web\/wp-content\/uploads\/2020\/10\/ladrilleros-1.jpg 818w, https:\/\/www.revistarescatados.com.ar\/web\/wp-content\/uploads\/2020\/10\/ladrilleros-1-300x263.jpg 300w, https:\/\/www.revistarescatados.com.ar\/web\/wp-content\/uploads\/2020\/10\/ladrilleros-1-768x674.jpg 768w\" sizes=\"(max-width: 818px) 100vw, 818px\" \/><\/figure>\n\n\n\n<p>Este jueves 22 de octubre, el equipo local del senador provincial Osvaldo Sosa realiz\u00f3 una visita a un emprendimiento de fabricaci\u00f3n de ladrillos, ubicado en la comunidad mocov\u00ed Comcayaripy&nbsp; (\u201cTodos somos hermanos\u201d) de la ciudad de Calchaqu\u00ed.<\/p>\n\n\n\n<figure class=\"wp-block-image size-large\"><img loading=\"lazy\" width=\"1024\" height=\"682\" src=\"http:\/\/www.revistarescatados.com.ar\/web\/wp-content\/uploads\/2020\/10\/ladrilleros-3-1024x682.jpg\" alt=\"\" class=\"wp-image-11262\" srcset=\"https:\/\/www.revistarescatados.com.ar\/web\/wp-content\/uploads\/2020\/10\/ladrilleros-3-1024x682.jpg 1024w, https:\/\/www.revistarescatados.com.ar\/web\/wp-content\/uploads\/2020\/10\/ladrilleros-3-300x200.jpg 300w, https:\/\/www.revistarescatados.com.ar\/web\/wp-content\/uploads\/2020\/10\/ladrilleros-3-768x511.jpg 768w, https:\/\/www.revistarescatados.com.ar\/web\/wp-content\/uploads\/2020\/10\/ladrilleros-3.jpg 1370w\" sizes=\"(max-width: 1024px) 100vw, 1024px\" \/><\/figure>\n\n\n\n<p>Con la firme premisa de apostar a la producci\u00f3n y apoyar a quienes trabajan, se trataron diversas cuestiones que hacen a mejorar y consolidar una fuente laboral de la que participan m\u00e1s de 15 ladrilleros. \u00a0Los vecinos plantearon sus necesidades de herramientas, capacitaciones para mejorar su organizaci\u00f3n tanto administrativa como productiva, encuadrar su actividad en programas estatales, entre otras.<\/p>\n\n\n\n<figure class=\"wp-block-image size-large\"><img loading=\"lazy\" width=\"1024\" height=\"686\" src=\"http:\/\/www.revistarescatados.com.ar\/web\/wp-content\/uploads\/2020\/10\/ladrilleros-2-1024x686.jpg\" alt=\"\" class=\"wp-image-11259\" srcset=\"https:\/\/www.revistarescatados.com.ar\/web\/wp-content\/uploads\/2020\/10\/ladrilleros-2-1024x686.jpg 1024w, https:\/\/www.revistarescatados.com.ar\/web\/wp-content\/uploads\/2020\/10\/ladrilleros-2-300x201.jpg 300w, https:\/\/www.revistarescatados.com.ar\/web\/wp-content\/uploads\/2020\/10\/ladrilleros-2-768x514.jpg 768w, https:\/\/www.revistarescatados.com.ar\/web\/wp-content\/uploads\/2020\/10\/ladrilleros-2.jpg 1168w\" sizes=\"(max-width: 1024px) 100vw, 1024px\" \/><\/figure>\n\n\n\n<p>En la oportunidad, se hizo entrega de un motor di\u00e9sel y una bomba para la extracci\u00f3n de agua en el predio. La maquinaria es de vital importancia para optimizar la producci\u00f3n de adobes, ya que actualmente deben solventar el acarreo de agua hasta el lugar.<\/p>\n\n\n\n<figure class=\"wp-block-image size-large\"><img loading=\"lazy\" width=\"1024\" height=\"609\" src=\"http:\/\/www.revistarescatados.com.ar\/web\/wp-content\/uploads\/2020\/10\/ISP-66-1024x609.jpg\" alt=\"\" class=\"wp-image-11263\" srcset=\"https:\/\/www.revistarescatados.com.ar\/web\/wp-content\/uploads\/2020\/10\/ISP-66-1024x609.jpg 1024w, https:\/\/www.revistarescatados.com.ar\/web\/wp-content\/uploads\/2020\/10\/ISP-66-300x179.jpg 300w, https:\/\/www.revistarescatados.com.ar\/web\/wp-content\/uploads\/2020\/10\/ISP-66-768x457.jpg 768w, https:\/\/www.revistarescatados.com.ar\/web\/wp-content\/uploads\/2020\/10\/ISP-66.jpg 1304w\" sizes=\"(max-width: 1024px) 100vw, 1024px\" \/><\/figure>\n\n\n\n<p>Por otro lado, en el Instituto Superior del Profesorado N\u00ba 66, fueron recibidos por la directora Prof. Paola Fabre, para hacer entrega de un aporte del Senador Osvaldo Sosa destinado a apoyar el evento virtual \u201cEmprender Calchaqu\u00ed\u201d realizado recientemente. Este evento promueve la cultura emprendedora de los j\u00f3venes estudiantes y comparte experiencias de emprendedores locales.<\/p>\n\n\n\n<p>En la reuni\u00f3n se trat\u00f3 la necesidad de concretar el edificio propio, ya que se cuenta con un terreno destinado a tal fin ubicado en Bvard. Belgrano e Ituzaing\u00f3. Se \u00a0gestionar\u00e1 un proyecto de ley para que sea incluido en el presupuesto provincial de obra p\u00fablica.<\/p>\n\n\n\n<figure class=\"wp-block-image size-large\"><img loading=\"lazy\" width=\"1024\" height=\"423\" src=\"http:\/\/www.revistarescatados.com.ar\/web\/wp-content\/uploads\/2020\/10\/ISP-66-1-1024x423.jpg\" alt=\"\" class=\"wp-image-11264\" srcset=\"https:\/\/www.revistarescatados.com.ar\/web\/wp-content\/uploads\/2020\/10\/ISP-66-1-1024x423.jpg 1024w, https:\/\/www.revistarescatados.com.ar\/web\/wp-content\/uploads\/2020\/10\/ISP-66-1-300x124.jpg 300w, https:\/\/www.revistarescatados.com.ar\/web\/wp-content\/uploads\/2020\/10\/ISP-66-1-768x317.jpg 768w, https:\/\/www.revistarescatados.com.ar\/web\/wp-content\/uploads\/2020\/10\/ISP-66-1.jpg 1322w\" sizes=\"(max-width: 1024px) 100vw, 1024px\" \/><\/figure>\n\n\n\n<p>Cabe destacar que el instituto N\u00ba 66 es de gesti\u00f3n p\u00fablica, ofrece 3 carreras de nivel terciario y cuenta con una matr\u00edcula de m\u00e1s de 500 alumnos de toda la regi\u00f3n.<\/p>\n","protected":false},"excerpt":{"rendered":"<p>Un grupo de ladrilleros de la comunidad aborigen recibieron \u00a0un motor y una bomba para extraer agua para avanzar con su proyecto productivo del que participan cerca de una veintena de j\u00f3venes&#46;&#46;&#46;<\/p>\n","protected":false},"author":1,"featured_media":11258,"comment_status":"closed","ping_status":"open","sticky":false,"template":"","format":"standard","meta":[],"categories":[2,3,10,8],"tags":[],"_links":{"self":[{"href":"https:\/\/www.revistarescatados.com.ar\/web\/wp-json\/wp\/v2\/posts\/11257"}],"collection":[{"href":"https:\/\/www.revistarescatados.com.ar\/web\/wp-json\/wp\/v2\/posts"}],"about":[{"href":"https:\/\/www.revistarescatados.com.ar\/web\/wp-json\/wp\/v2\/types\/post"}],"author":[{"embeddable":true,"href":"https:\/\/www.revistarescatados.com.ar\/web\/wp-json\/wp\/v2\/users\/1"}],"replies":[{"embeddable":true,"href":"https:\/\/www.revistarescatados.com.ar\/web\/wp-json\/wp\/v2\/comments?post=11257"}],"version-history":[{"count":1,"href":"https:\/\/www.revistarescatados.com.ar\/web\/wp-json\/wp\/v2\/posts\/11257\/revisions"}],"predecessor-version":[{"id":11265,"href":"https:\/\/www.revistarescatados.com.ar\/web\/wp-json\/wp\/v2\/posts\/11257\/revisions\/11265"}],"wp:featuredmedia":[{"embeddable":true,"href":"https:\/\/www.revistarescatados.com.ar\/web\/wp-json\/wp\/v2\/media\/11258"}],"wp:attachment":[{"href":"https:\/\/www.revistarescatados.com.ar\/web\/wp-json\/wp\/v2\/media?parent=11257"}],"wp:term":[{"taxonomy":"category","embeddable":true,"href":"https:\/\/www.revistarescatados.com.ar\/web\/wp-json\/wp\/v2\/categories?post=11257"},{"taxonomy":"post_tag","embeddable":true,"href":"https:\/\/www.revistarescatados.com.ar\/web\/wp-json\/wp\/v2\/tags?post=11257"}],"curies":[{"name":"wp","href":"https:\/\/api.w.org\/{rel}","templated":true}]}}