{"id":11289,"date":"2020-10-26T01:40:37","date_gmt":"2020-10-26T04:40:37","guid":{"rendered":"http:\/\/www.revistarescatados.com.ar\/web\/?p=11289"},"modified":"2020-10-26T01:40:39","modified_gmt":"2020-10-26T04:40:39","slug":"secuestraron-tres-motos-por-conducirse-a-alta-velocidad-en-calchaqui","status":"publish","type":"post","link":"https:\/\/www.revistarescatados.com.ar\/web\/2020\/10\/26\/secuestraron-tres-motos-por-conducirse-a-alta-velocidad-en-calchaqui\/","title":{"rendered":"Secuestraron tres motos por conducirse a alta velocidad en Calchaqu\u00ed"},"content":{"rendered":"\n<figure class=\"wp-block-image size-large\"><img loading=\"lazy\" width=\"1024\" height=\"576\" src=\"http:\/\/www.revistarescatados.com.ar\/web\/wp-content\/uploads\/2020\/10\/motos-incutadas-1024x576.jpg\" alt=\"\" class=\"wp-image-11290\" srcset=\"https:\/\/www.revistarescatados.com.ar\/web\/wp-content\/uploads\/2020\/10\/motos-incutadas-1024x576.jpg 1024w, https:\/\/www.revistarescatados.com.ar\/web\/wp-content\/uploads\/2020\/10\/motos-incutadas-300x169.jpg 300w, https:\/\/www.revistarescatados.com.ar\/web\/wp-content\/uploads\/2020\/10\/motos-incutadas-768x432.jpg 768w, https:\/\/www.revistarescatados.com.ar\/web\/wp-content\/uploads\/2020\/10\/motos-incutadas.jpg 1032w\" sizes=\"(max-width: 1024px) 100vw, 1024px\" \/><\/figure>\n\n\n\n<p><strong><span class=\"has-inline-color has-vivid-red-color\">Todas fueron incautadas en operativos desarrollados sobre el bvard. Belgrano: dos en la noche del s\u00e1bado y una en la madrugada del domingo.\u00a0 Ninguna ten\u00eda documentaci\u00f3n para circular.<\/span><\/strong><\/p>\n\n\n\n<p>El s\u00e1bado 24 de octubre, un joven motociclista de 19 a\u00f1os es detenido en su marcha con una motocicleta de color azul que realizaba maniobras que pon\u00edan en riegos la vida de los &nbsp;transe\u00fantes y del mismo. Se trasladaba en una motocicleta marca YAHAMA 125 COLOR AZUL SIN DOMINIO VISIBLE y sin documentaci\u00f3n del veh\u00edculo.<\/p>\n\n\n\n<p>Media hora m\u00e1s tarde, en el sem\u00e1foro de Belgrano y San Mart\u00edn, es detenido un motociclista de 23 a\u00f1os que conduc\u00eda una motocicleta de color roja a alta velocidad. Se desplazaba en una motocicleta marca HONDA SIN DOMINIO VISIBLE y al solicitarse documentaci\u00f3n del veh\u00edculo carec\u00eda de la misma.<\/p>\n\n\n\n<figure class=\"wp-block-image size-large\"><img loading=\"lazy\" width=\"1024\" height=\"576\" src=\"http:\/\/www.revistarescatados.com.ar\/web\/wp-content\/uploads\/2020\/10\/motos-incutada1-1024x576.jpg\" alt=\"\" class=\"wp-image-11291\" srcset=\"https:\/\/www.revistarescatados.com.ar\/web\/wp-content\/uploads\/2020\/10\/motos-incutada1-1024x576.jpg 1024w, https:\/\/www.revistarescatados.com.ar\/web\/wp-content\/uploads\/2020\/10\/motos-incutada1-300x169.jpg 300w, https:\/\/www.revistarescatados.com.ar\/web\/wp-content\/uploads\/2020\/10\/motos-incutada1-768x432.jpg 768w, https:\/\/www.revistarescatados.com.ar\/web\/wp-content\/uploads\/2020\/10\/motos-incutada1.jpg 1032w\" sizes=\"(max-width: 1024px) 100vw, 1024px\" \/><\/figure>\n\n\n\n<p>Ya en la madrugada del domingo 25, a las 2:30 horas, se divis\u00f3 una motocicleta si marca visible sin ni un tipo de luz a gran velocidad sobre ruta 11. Se procedi\u00f3 a detener la marcha del veh\u00edculo siendo una motocicleta marca GUERRERO 110 que tampoco contaba con documentaci\u00f3n registral.<\/p>\n\n\n\n<p>En los tres casos, se procedi\u00f3 al secuestro preventivo de los rodados.<\/p>\n","protected":false},"excerpt":{"rendered":"<p>Todas fueron incautadas en operativos desarrollados sobre el bvard. Belgrano: dos en la noche del s\u00e1bado y una en la madrugada del domingo.\u00a0 Ninguna ten\u00eda documentaci\u00f3n para circular. El s\u00e1bado 24 de&#46;&#46;&#46;<\/p>\n","protected":false},"author":1,"featured_media":11290,"comment_status":"closed","ping_status":"open","sticky":false,"template":"","format":"standard","meta":[],"categories":[2,3,11],"tags":[],"_links":{"self":[{"href":"https:\/\/www.revistarescatados.com.ar\/web\/wp-json\/wp\/v2\/posts\/11289"}],"collection":[{"href":"https:\/\/www.revistarescatados.com.ar\/web\/wp-json\/wp\/v2\/posts"}],"about":[{"href":"https:\/\/www.revistarescatados.com.ar\/web\/wp-json\/wp\/v2\/types\/post"}],"author":[{"embeddable":true,"href":"https:\/\/www.revistarescatados.com.ar\/web\/wp-json\/wp\/v2\/users\/1"}],"replies":[{"embeddable":true,"href":"https:\/\/www.revistarescatados.com.ar\/web\/wp-json\/wp\/v2\/comments?post=11289"}],"version-history":[{"count":1,"href":"https:\/\/www.revistarescatados.com.ar\/web\/wp-json\/wp\/v2\/posts\/11289\/revisions"}],"predecessor-version":[{"id":11292,"href":"https:\/\/www.revistarescatados.com.ar\/web\/wp-json\/wp\/v2\/posts\/11289\/revisions\/11292"}],"wp:featuredmedia":[{"embeddable":true,"href":"https:\/\/www.revistarescatados.com.ar\/web\/wp-json\/wp\/v2\/media\/11290"}],"wp:attachment":[{"href":"https:\/\/www.revistarescatados.com.ar\/web\/wp-json\/wp\/v2\/media?parent=11289"}],"wp:term":[{"taxonomy":"category","embeddable":true,"href":"https:\/\/www.revistarescatados.com.ar\/web\/wp-json\/wp\/v2\/categories?post=11289"},{"taxonomy":"post_tag","embeddable":true,"href":"https:\/\/www.revistarescatados.com.ar\/web\/wp-json\/wp\/v2\/tags?post=11289"}],"curies":[{"name":"wp","href":"https:\/\/api.w.org\/{rel}","templated":true}]}}