{"id":11455,"date":"2020-11-07T01:08:59","date_gmt":"2020-11-07T04:08:59","guid":{"rendered":"http:\/\/www.revistarescatados.com.ar\/web\/?p=11455"},"modified":"2020-11-07T01:12:46","modified_gmt":"2020-11-07T04:12:46","slug":"hay-un-nuevo-contagio-y-4-pacientes-hospitalizados-por-covid-19-de-calchaqui","status":"publish","type":"post","link":"https:\/\/www.revistarescatados.com.ar\/web\/2020\/11\/07\/hay-un-nuevo-contagio-y-4-pacientes-hospitalizados-por-covid-19-de-calchaqui\/","title":{"rendered":"Hay un nuevo contagio y 4 pacientes hospitalizados por covid-19 de Calchaqu\u00ed"},"content":{"rendered":"\n<figure class=\"wp-block-image size-large is-resized\"><img loading=\"lazy\" src=\"http:\/\/www.revistarescatados.com.ar\/web\/wp-content\/uploads\/2020\/09\/Guardia-Hospital.jpg\" alt=\"\" class=\"wp-image-10822\" width=\"587\" height=\"440\" srcset=\"https:\/\/www.revistarescatados.com.ar\/web\/wp-content\/uploads\/2020\/09\/Guardia-Hospital.jpg 500w, https:\/\/www.revistarescatados.com.ar\/web\/wp-content\/uploads\/2020\/09\/Guardia-Hospital-300x225.jpg 300w\" sizes=\"(max-width: 587px) 100vw, 587px\" \/><\/figure>\n\n\n\n<p><strong><span class=\"has-inline-color has-vivid-red-color\">El informe epidemiol\u00f3gico  de este viernes confirma 3 casos positivo en el departamento, sumando un caso Vera, Calchaqu\u00ed y Margarita respectivamente.<\/span><\/strong> <\/p>\n\n\n\n<p>En la ciudad de Calchaqu\u00ed, se detect\u00f3 un nuevo contagio por coronavirus, lo que eleva la cifra de contagios a 30 pacientes; 19 de cuales se han recuperado y 3 han fallecido.<\/p>\n\n\n\n<p>Actualmente hay 8 pacientes con covid-19 activo. Cuatro lo cursan con normalidad en sus domicilios; pero hay otros 2 que est\u00e1n en terapia intensiva del Hospital Central de Reconquista, uno en un sanatorio de la ciudad de Santa Fe y otro internado en el Hospital Ricardo Aldao de Calchaqu\u00ed.<\/p>\n\n\n\n<p>Cabe destacar que se mantiene aisladas preventivamente 20 personas. Adem\u00e1s este caso confirmado viene luego de varios d\u00edas sin casos positivos, tras una racha de 4 casos en 4 d\u00edas.<\/p>\n\n\n\n<figure class=\"wp-block-image size-large\"><img loading=\"lazy\" width=\"625\" height=\"1024\" src=\"http:\/\/www.revistarescatados.com.ar\/web\/wp-content\/uploads\/2020\/11\/Informe-06-11-625x1024.jpg\" alt=\"\" class=\"wp-image-11456\" srcset=\"https:\/\/www.revistarescatados.com.ar\/web\/wp-content\/uploads\/2020\/11\/Informe-06-11-625x1024.jpg 625w, https:\/\/www.revistarescatados.com.ar\/web\/wp-content\/uploads\/2020\/11\/Informe-06-11-183x300.jpg 183w, https:\/\/www.revistarescatados.com.ar\/web\/wp-content\/uploads\/2020\/11\/Informe-06-11-768x1258.jpg 768w, https:\/\/www.revistarescatados.com.ar\/web\/wp-content\/uploads\/2020\/11\/Informe-06-11-938x1536.jpg 938w, https:\/\/www.revistarescatados.com.ar\/web\/wp-content\/uploads\/2020\/11\/Informe-06-11.jpg 1250w\" sizes=\"(max-width: 625px) 100vw, 625px\" \/><\/figure>\n","protected":false},"excerpt":{"rendered":"<p>El informe epidemiol\u00f3gico de este viernes confirma 3 casos positivo en el departamento, sumando un caso Vera, Calchaqu\u00ed y Margarita respectivamente. En la ciudad de Calchaqu\u00ed, se detect\u00f3 un nuevo contagio por&#46;&#46;&#46;<\/p>\n","protected":false},"author":1,"featured_media":8658,"comment_status":"closed","ping_status":"open","sticky":false,"template":"","format":"standard","meta":[],"categories":[2,3,9],"tags":[],"_links":{"self":[{"href":"https:\/\/www.revistarescatados.com.ar\/web\/wp-json\/wp\/v2\/posts\/11455"}],"collection":[{"href":"https:\/\/www.revistarescatados.com.ar\/web\/wp-json\/wp\/v2\/posts"}],"about":[{"href":"https:\/\/www.revistarescatados.com.ar\/web\/wp-json\/wp\/v2\/types\/post"}],"author":[{"embeddable":true,"href":"https:\/\/www.revistarescatados.com.ar\/web\/wp-json\/wp\/v2\/users\/1"}],"replies":[{"embeddable":true,"href":"https:\/\/www.revistarescatados.com.ar\/web\/wp-json\/wp\/v2\/comments?post=11455"}],"version-history":[{"count":2,"href":"https:\/\/www.revistarescatados.com.ar\/web\/wp-json\/wp\/v2\/posts\/11455\/revisions"}],"predecessor-version":[{"id":11458,"href":"https:\/\/www.revistarescatados.com.ar\/web\/wp-json\/wp\/v2\/posts\/11455\/revisions\/11458"}],"wp:featuredmedia":[{"embeddable":true,"href":"https:\/\/www.revistarescatados.com.ar\/web\/wp-json\/wp\/v2\/media\/8658"}],"wp:attachment":[{"href":"https:\/\/www.revistarescatados.com.ar\/web\/wp-json\/wp\/v2\/media?parent=11455"}],"wp:term":[{"taxonomy":"category","embeddable":true,"href":"https:\/\/www.revistarescatados.com.ar\/web\/wp-json\/wp\/v2\/categories?post=11455"},{"taxonomy":"post_tag","embeddable":true,"href":"https:\/\/www.revistarescatados.com.ar\/web\/wp-json\/wp\/v2\/tags?post=11455"}],"curies":[{"name":"wp","href":"https:\/\/api.w.org\/{rel}","templated":true}]}}