{"id":11618,"date":"2020-11-16T23:54:08","date_gmt":"2020-11-17T02:54:08","guid":{"rendered":"http:\/\/www.revistarescatados.com.ar\/web\/?p=11618"},"modified":"2020-11-16T23:54:12","modified_gmt":"2020-11-17T02:54:12","slug":"el-ministerio-de-educacion-revoco-titularizaciones-y-llama-a-nuevo-concurso-para-transparentar-el-proceso","status":"publish","type":"post","link":"https:\/\/www.revistarescatados.com.ar\/web\/2020\/11\/16\/el-ministerio-de-educacion-revoco-titularizaciones-y-llama-a-nuevo-concurso-para-transparentar-el-proceso\/","title":{"rendered":"El Ministerio de Educaci\u00f3n revoc\u00f3 titularizaciones y llama a nuevo concurso para transparentar el proceso"},"content":{"rendered":"\n<p><strong><span class=\"has-inline-color has-vivid-red-color\">El Ministerio de Educaci\u00f3n de Santa Fe estableci\u00f3 revocar tres expedientes de titularizaci\u00f3n docente y llama a nuevo concurso \u201cconforme a la normativa vigente\u201d, ante una intimaci\u00f3n del Tribunal de Cuentas Provincial, luego de que dicho organismo detectara irregularidades en el nombramiento de unas 500 personas sin antecedentes ni t\u00edtulos requeridos para el cargo.<\/span><\/strong><\/p>\n\n\n\n<p>\u201cVamos a trabajar para que esos agentes que pierden la titularidad puedan acceder a un proceso l\u00f3gico, conforme a las reglamentaciones\u201d, asegur\u00f3 la ministra de Educaci\u00f3n de la provincia, Adriana Cantero.<\/p>\n\n\n\n<p>Y explic\u00f3: \u201cSon concursos que si bien estuvieron acordados en paritarias, se han omitido escalafones, juntas de calificaciones, y la posibilidad de comprobar los legajos, un mont\u00f3n de observaciones legales que hacen que se tenga que determinar la nulidad de esos procedimientos\u201d.<\/p>\n\n\n\n<p>En esa l\u00ednea, la funcionaria detall\u00f3 que \u201clas resoluciones de los \u00faltimos 6 meses de la gesti\u00f3n anterior, que compromet\u00edan el gasto fijo de la provincia, fueron analizadas por la Comisi\u00f3n creada por el decreto 89, en raz\u00f3n de la Ley de Responsabilidad Fiscal\u201d.<\/p>\n\n\n\n<p>\u201cEsa Comisi\u00f3n -prosigui\u00f3 Cantero-, y en funci\u00f3n de los informes obrantes del Ministerio de Educaci\u00f3n, ha determinado por la cantidad de irregularidades detectadas la nulidad de esas resoluciones, algunas tomadas el 5 de diciembre de 2019, a cuatro d\u00edas de terminar la gesti\u00f3n pasada\u201d.<\/p>\n\n\n\n<p>Adem\u00e1s de las mencionadas observaciones, y fundamentalmente en tres de esos expedientes, se expidi\u00f3 el Tribunal de Cuentas en el mismo sentido, que realiz\u00f3 una observaci\u00f3n legal a esos procedimientos, intimando al Ministerio de Educaci\u00f3n de la provincia para que lo resuelva.<\/p>\n\n\n\n<p>Ante este escenario, la ministra indic\u00f3 que se resolvi\u00f3 \u201cconvocar a nuevos concursos y a los gremios docentes para conversar sobre la situaci\u00f3n\u201d.<\/p>\n\n\n\n<p>Finalmente, desde la cartera educativa se aclar\u00f3 que los docentes que fueron titularizados y se encuentran involucrados por esta situaci\u00f3n, no dejar\u00e1n de cobrar, aunque si ver\u00e1n reflejado un cambio de situaci\u00f3n de revista y pasen a la condici\u00f3n de interinos.<\/p>\n\n\n\n<figure class=\"wp-block-embed is-type-rich is-provider-gestor-del-servicio\"><div class=\"wp-block-embed__wrapper\">\n<div style=\"width: 640px;\" class=\"wp-video\"><!--[if lt IE 9]><script>document.createElement('video');<\/script><![endif]-->\n<video class=\"wp-video-shortcode\" id=\"video-11618-1\" width=\"640\" height=\"360\" preload=\"metadata\" controls=\"controls\"><source type=\"video\/mp4\" src=\"https:\/\/www.santafe.gob.ar\/noticias\/recursos\/videosHD\/2020\/11\/2020-11-16NID_269109O_1.mp4?_=1\" \/><a href=\"https:\/\/www.santafe.gob.ar\/noticias\/recursos\/videosHD\/2020\/11\/2020-11-16NID_269109O_1.mp4\">https:\/\/www.santafe.gob.ar\/noticias\/recursos\/videosHD\/2020\/11\/2020-11-16NID_269109O_1.mp4<\/a><\/video><\/div>\n<\/div><\/figure>\n","protected":false},"excerpt":{"rendered":"<p>El Ministerio de Educaci\u00f3n de Santa Fe estableci\u00f3 revocar tres expedientes de titularizaci\u00f3n docente y llama a nuevo concurso \u201cconforme a la normativa vigente\u201d, ante una intimaci\u00f3n del Tribunal de Cuentas Provincial, luego de que dicho organismo detectara irregularidades en el nombramiento de unas 500 personas sin antecedentes ni t\u00edtulos requeridos para el cargo.<\/p>\n","protected":false},"author":1,"featured_media":10030,"comment_status":"closed","ping_status":"open","sticky":false,"template":"","format":"standard","meta":[],"categories":[15,10,12],"tags":[],"_links":{"self":[{"href":"https:\/\/www.revistarescatados.com.ar\/web\/wp-json\/wp\/v2\/posts\/11618"}],"collection":[{"href":"https:\/\/www.revistarescatados.com.ar\/web\/wp-json\/wp\/v2\/posts"}],"about":[{"href":"https:\/\/www.revistarescatados.com.ar\/web\/wp-json\/wp\/v2\/types\/post"}],"author":[{"embeddable":true,"href":"https:\/\/www.revistarescatados.com.ar\/web\/wp-json\/wp\/v2\/users\/1"}],"replies":[{"embeddable":true,"href":"https:\/\/www.revistarescatados.com.ar\/web\/wp-json\/wp\/v2\/comments?post=11618"}],"version-history":[{"count":1,"href":"https:\/\/www.revistarescatados.com.ar\/web\/wp-json\/wp\/v2\/posts\/11618\/revisions"}],"predecessor-version":[{"id":11619,"href":"https:\/\/www.revistarescatados.com.ar\/web\/wp-json\/wp\/v2\/posts\/11618\/revisions\/11619"}],"wp:featuredmedia":[{"embeddable":true,"href":"https:\/\/www.revistarescatados.com.ar\/web\/wp-json\/wp\/v2\/media\/10030"}],"wp:attachment":[{"href":"https:\/\/www.revistarescatados.com.ar\/web\/wp-json\/wp\/v2\/media?parent=11618"}],"wp:term":[{"taxonomy":"category","embeddable":true,"href":"https:\/\/www.revistarescatados.com.ar\/web\/wp-json\/wp\/v2\/categories?post=11618"},{"taxonomy":"post_tag","embeddable":true,"href":"https:\/\/www.revistarescatados.com.ar\/web\/wp-json\/wp\/v2\/tags?post=11618"}],"curies":[{"name":"wp","href":"https:\/\/api.w.org\/{rel}","templated":true}]}}