{"id":1164,"date":"2018-07-10T14:37:18","date_gmt":"2018-07-10T17:37:18","guid":{"rendered":"http:\/\/www.revistarescatados.com.ar\/web\/?p=1164"},"modified":"2018-07-10T14:37:18","modified_gmt":"2018-07-10T17:37:18","slug":"por-los-pueblos-se-pasa-despacio","status":"publish","type":"post","link":"https:\/\/www.revistarescatados.com.ar\/web\/2018\/07\/10\/por-los-pueblos-se-pasa-despacio\/","title":{"rendered":"\u201cPor los pueblos se pasa despacio\u201d"},"content":{"rendered":"<p><img loading=\"lazy\" class=\"aligncenter size-full wp-image-1165\" src=\"http:\/\/www.revistarescatados.com.ar\/web\/wp-content\/uploads\/2018\/07\/Vera-y-Pintado-1.jpg\" alt=\"\" width=\"960\" height=\"638\" srcset=\"https:\/\/www.revistarescatados.com.ar\/web\/wp-content\/uploads\/2018\/07\/Vera-y-Pintado-1.jpg 960w, https:\/\/www.revistarescatados.com.ar\/web\/wp-content\/uploads\/2018\/07\/Vera-y-Pintado-1-300x199.jpg 300w, https:\/\/www.revistarescatados.com.ar\/web\/wp-content\/uploads\/2018\/07\/Vera-y-Pintado-1-768x510.jpg 768w\" sizes=\"(max-width: 960px) 100vw, 960px\" \/><\/p>\n<p><span style=\"color: #0000ff;\"><strong>As\u00ed se expres\u00f3 una vecina de Vera y Pintado. \u201cSer ciudadano es tambi\u00e9n saber que las normas y leyes \u00a0est\u00e1n para ser cumplidas\u201d, se\u00f1ala el mensaje en redes sociales.<\/strong><\/span><\/p>\n<p>\u201cUso muy poco las redes, casi nada, pero es tan grande la bronca y la impotencia que necesito gritarlo al mundo; POR LOS PUEBLOS SE PASA DESPACIO!!!\u201d, comienza diciendo Andrea A Comizzo.<\/p>\n<p>\u201cSon tantos los ni\u00f1os y j\u00f3venes que viven &#8220;del otro lado de las rutas&#8221; y que cruzan todos los d\u00edas para ir a la escuela, para hacer un mandado, para ir a la plaza, para estar con amigos&#8230; POR LOS PUEBLOS SE PASA DESPACIO\u201d, agrega..<\/p>\n<p>La profesora \u00a0de Ciudadan\u00eda, finaliza \u201cser ciudadano es tambi\u00e9n saber que las normas &#8211; leyes &#8211; est\u00e1n para ser cumplidas. POR LOS PUEBLOS SE PASA DESPACIO. No es el primer caso en nuestro pueblo pero si ruego a Dios que sea el \u00faltimo\u201d.<\/p>\n","protected":false},"excerpt":{"rendered":"<p>As\u00ed se expres\u00f3 una vecina de Vera y Pintado. \u201cSer ciudadano es tambi\u00e9n saber que las normas y leyes \u00a0est\u00e1n para ser cumplidas\u201d, se\u00f1ala el mensaje en redes sociales. \u201cUso muy poco&#46;&#46;&#46;<\/p>\n","protected":false},"author":1,"featured_media":1165,"comment_status":"closed","ping_status":"open","sticky":false,"template":"","format":"standard","meta":[],"categories":[4,8],"tags":[],"_links":{"self":[{"href":"https:\/\/www.revistarescatados.com.ar\/web\/wp-json\/wp\/v2\/posts\/1164"}],"collection":[{"href":"https:\/\/www.revistarescatados.com.ar\/web\/wp-json\/wp\/v2\/posts"}],"about":[{"href":"https:\/\/www.revistarescatados.com.ar\/web\/wp-json\/wp\/v2\/types\/post"}],"author":[{"embeddable":true,"href":"https:\/\/www.revistarescatados.com.ar\/web\/wp-json\/wp\/v2\/users\/1"}],"replies":[{"embeddable":true,"href":"https:\/\/www.revistarescatados.com.ar\/web\/wp-json\/wp\/v2\/comments?post=1164"}],"version-history":[{"count":1,"href":"https:\/\/www.revistarescatados.com.ar\/web\/wp-json\/wp\/v2\/posts\/1164\/revisions"}],"predecessor-version":[{"id":1166,"href":"https:\/\/www.revistarescatados.com.ar\/web\/wp-json\/wp\/v2\/posts\/1164\/revisions\/1166"}],"wp:featuredmedia":[{"embeddable":true,"href":"https:\/\/www.revistarescatados.com.ar\/web\/wp-json\/wp\/v2\/media\/1165"}],"wp:attachment":[{"href":"https:\/\/www.revistarescatados.com.ar\/web\/wp-json\/wp\/v2\/media?parent=1164"}],"wp:term":[{"taxonomy":"category","embeddable":true,"href":"https:\/\/www.revistarescatados.com.ar\/web\/wp-json\/wp\/v2\/categories?post=1164"},{"taxonomy":"post_tag","embeddable":true,"href":"https:\/\/www.revistarescatados.com.ar\/web\/wp-json\/wp\/v2\/tags?post=1164"}],"curies":[{"name":"wp","href":"https:\/\/api.w.org\/{rel}","templated":true}]}}