{"id":1169,"date":"2018-07-12T13:51:26","date_gmt":"2018-07-12T16:51:26","guid":{"rendered":"http:\/\/www.revistarescatados.com.ar\/web\/?p=1169"},"modified":"2018-07-12T13:51:26","modified_gmt":"2018-07-12T16:51:26","slug":"la-provincia-presento-una-campana-de-prevencion-de-consumos-problematicos-de-sustancias","status":"publish","type":"post","link":"https:\/\/www.revistarescatados.com.ar\/web\/2018\/07\/12\/la-provincia-presento-una-campana-de-prevencion-de-consumos-problematicos-de-sustancias\/","title":{"rendered":"La provincia present\u00f3 una campa\u00f1a de prevenci\u00f3n de consumos problem\u00e1ticos de sustancias"},"content":{"rendered":"<p><img loading=\"lazy\" class=\"aligncenter size-full wp-image-1170\" src=\"http:\/\/www.revistarescatados.com.ar\/web\/wp-content\/uploads\/2018\/07\/campa\u00f1a-contra-la-droga.jpg\" alt=\"\" width=\"1920\" height=\"1080\" srcset=\"https:\/\/www.revistarescatados.com.ar\/web\/wp-content\/uploads\/2018\/07\/campa\u00f1a-contra-la-droga.jpg 1920w, https:\/\/www.revistarescatados.com.ar\/web\/wp-content\/uploads\/2018\/07\/campa\u00f1a-contra-la-droga-300x169.jpg 300w, https:\/\/www.revistarescatados.com.ar\/web\/wp-content\/uploads\/2018\/07\/campa\u00f1a-contra-la-droga-768x432.jpg 768w, https:\/\/www.revistarescatados.com.ar\/web\/wp-content\/uploads\/2018\/07\/campa\u00f1a-contra-la-droga-1024x576.jpg 1024w\" sizes=\"(max-width: 1920px) 100vw, 1920px\" \/><br \/>\n<span style=\"color: #0000ff;\"><strong>Se enmarca en el Plan Abre Vida y es impulsada por la Agencia de Prevenci\u00f3n de Consumo de Drogas y Tratamientos Integrales. Las piezas gr\u00e1ficas circular\u00e1n por medios masivos de la provincia.<\/strong> <\/span><\/p>\n<p>El ministro de Gobierno y Reforma del Estado, Pablo Far\u00edas, encabez\u00f3 este jueves en Rosario, la presentaci\u00f3n de la campa\u00f1a de prevenci\u00f3n de consumo de drogas y alcohol del plan Abre Vida.<\/p>\n<p>Enmarcada en el Plan Abre Vida e impulsada por la Agencia de Prevenci\u00f3n de Consumo de Drogas y Tratamientos Integrales (Aprecod) del Ministerio de Gobierno y Reforma del Estado, tiene entre sus principales objetivos reflexionar acerca de los consumos, no naturalizarlos ni minimizar los riesgos que conllevan. El enfoque est\u00e1 basado en datos construidos a partir del trabajo preventivo realizado en escuelas, clubes y espacios recreativos.<\/p>\n<p>La campa\u00f1a se suma como una herramienta para acompa\u00f1ar de manera transversal todas las acciones e iniciativas preventivas que desarrolle el gobierno provincial, de modo de involucrar a la ciudadan\u00eda de una manera participativa, colaborativa e inclusiva.<\/p>\n<p>Durante la actividad, que tuvo lugar en el sal\u00f3n Rodolfo Walsh de la sede de Gobierno en Rosario, Far\u00edas expres\u00f3 que \u201ccomo sociedad estamos viviendo una verdadera crisis de valores que nos lleva a repetir y reproducir conductas perjudiciales para nuestra salud y para la vida en comunidad; una crisis que nos quita calidad de vida al no poder controlar determinados consumos o cuando estos nos invaden al punto de impedirnos hacer aquellas cosas para las que tenemos potencialidades y ganas, y que realmente nos hacen felices\u201d.<\/p>\n<p>En ese sentido, explic\u00f3 que \u201cuna de las contradicciones que vivimos permanentemente es la de tener la sensaci\u00f3n de que determinado consumo o actitud nos va a producir un placer inmediato, pero cuando se transforma en un problema y la sustancia genera dependencia, empezamos a vivir una vida que est\u00e1 muy lejos de producirnos felicidad\u201d.<\/p>\n<p>\u201cHay momentos en los que uno tiene la oportunidad de imponerse a esa situaci\u00f3n y evitar seguir en ese espiral que desemboca en una circunstancia perjudicial. Es el momento de decir no, que parece f\u00e1cil pero en determinados per\u00edodos de la vida representa un desaf\u00edo, fundamentalmente para los j\u00f3venes y adolescentes. Por eso es necesario brindar herramientas y llegar a todas las personas para ayudarlas a tomar las decisiones que colaboren con una sociedad mejor\u201d, remarc\u00f3 el ministro.<\/p>\n<p>Adem\u00e1s, indic\u00f3 que \u201cmuchas veces se pone el foco en el consumo de drogas m\u00e1s o menos duras, pero vemos en las estad\u00edsticas que el consumo que m\u00e1s nos afecta como sociedad es el de alcohol; y uno de menor registro, pero igual de importante, es el de psicof\u00e1rmacos, que son sustancias legales\u201d.<\/p>\n<p>\u201cEsto nos lleva a reflexionar y a entender que lo m\u00e1s importante como sociedad es generar fuerzas que nos ayuden a controlar esos consumos, m\u00e1s all\u00e1 de la penalizaci\u00f3n. Si no logramos evitar que la gente se refugie en el consumo de sustancias, de nada van a servir las restricciones legales\u201d.<\/p>\n<p>Far\u00edas explic\u00f3 que la campa\u00f1a busca \u201ccombatir el problema por la positiva. Hay que fortalecer las posiciones y voluntades de las personas involucradas: fortalecer el no, fortalecer la idea de que hay l\u00edmites. Mientras m\u00e1s crecemos, m\u00e1s entendemos la importancia de estos l\u00edmites y, seguramente, m\u00e1s de una vez hemos agradecido el haberlos respetado\u201d.<\/p>\n<p><span style=\"color: #0000ff;\"><strong>PRESENTES<\/strong><\/span><br \/>\nDe la actividad participaron, adem\u00e1s, la titular de Aprecod, Cecilia Nieto; el senador por el departamento Rosario, Miguel \u00c1ngel Cappiello; el asesor de Gabinete, Juan Carlos Zabalza; el secretario de Salud P\u00fablica de Rosario, Leonardo Caruana; e intendentes y presidentes comunales de la regi\u00f3n.<\/p>\n<p><strong><span style=\"color: #0000ff;\">ABRE VIDA<\/span><\/strong><br \/>\nImplementado en 2017 por la provincia de Santa Fe, este plan promueve pol\u00edticas p\u00fablicas desde una perspectiva integral y de derechos, destinada a la prevenci\u00f3n de adicciones a trav\u00e9s de propuestas que estimulen la construcci\u00f3n de proyectos de vida y h\u00e1bitos saludables.<\/p>\n<p>Abre Vida articula con actores fundamentales para la prevenci\u00f3n: docentes, auxiliares, equipos t\u00e9cnicos de \u00e1reas sociales, autoridades municipales y comunales, referentes de organizaciones sociales con diversos perfiles, adultos referentes en comunidades de clubes sociales y deportistas destacados.<\/p>\n","protected":false},"excerpt":{"rendered":"<p>Se enmarca en el Plan Abre Vida y es impulsada por la Agencia de Prevenci\u00f3n de Consumo de Drogas y Tratamientos Integrales. Las piezas gr\u00e1ficas circular\u00e1n por medios masivos de la provincia.&#46;&#46;&#46;<\/p>\n","protected":false},"author":1,"featured_media":1170,"comment_status":"closed","ping_status":"open","sticky":false,"template":"","format":"standard","meta":[],"categories":[16,10,12,8],"tags":[],"_links":{"self":[{"href":"https:\/\/www.revistarescatados.com.ar\/web\/wp-json\/wp\/v2\/posts\/1169"}],"collection":[{"href":"https:\/\/www.revistarescatados.com.ar\/web\/wp-json\/wp\/v2\/posts"}],"about":[{"href":"https:\/\/www.revistarescatados.com.ar\/web\/wp-json\/wp\/v2\/types\/post"}],"author":[{"embeddable":true,"href":"https:\/\/www.revistarescatados.com.ar\/web\/wp-json\/wp\/v2\/users\/1"}],"replies":[{"embeddable":true,"href":"https:\/\/www.revistarescatados.com.ar\/web\/wp-json\/wp\/v2\/comments?post=1169"}],"version-history":[{"count":1,"href":"https:\/\/www.revistarescatados.com.ar\/web\/wp-json\/wp\/v2\/posts\/1169\/revisions"}],"predecessor-version":[{"id":1171,"href":"https:\/\/www.revistarescatados.com.ar\/web\/wp-json\/wp\/v2\/posts\/1169\/revisions\/1171"}],"wp:featuredmedia":[{"embeddable":true,"href":"https:\/\/www.revistarescatados.com.ar\/web\/wp-json\/wp\/v2\/media\/1170"}],"wp:attachment":[{"href":"https:\/\/www.revistarescatados.com.ar\/web\/wp-json\/wp\/v2\/media?parent=1169"}],"wp:term":[{"taxonomy":"category","embeddable":true,"href":"https:\/\/www.revistarescatados.com.ar\/web\/wp-json\/wp\/v2\/categories?post=1169"},{"taxonomy":"post_tag","embeddable":true,"href":"https:\/\/www.revistarescatados.com.ar\/web\/wp-json\/wp\/v2\/tags?post=1169"}],"curies":[{"name":"wp","href":"https:\/\/api.w.org\/{rel}","templated":true}]}}