{"id":11855,"date":"2020-11-26T01:09:35","date_gmt":"2020-11-26T04:09:35","guid":{"rendered":"http:\/\/www.revistarescatados.com.ar\/web\/?p=11855"},"modified":"2020-11-26T01:09:37","modified_gmt":"2020-11-26T04:09:37","slug":"no-se-registraron-casos-positivos-y-tres-pacientes-recibieron-el-alta-en-calchaqui","status":"publish","type":"post","link":"https:\/\/www.revistarescatados.com.ar\/web\/2020\/11\/26\/no-se-registraron-casos-positivos-y-tres-pacientes-recibieron-el-alta-en-calchaqui\/","title":{"rendered":"No se registraron casos positivos y tres pacientes recibieron el alta en Calchaqu\u00ed"},"content":{"rendered":"\n<p><strong><span class=\"has-inline-color has-vivid-red-color\">El reporte epidemiol\u00f3gico del mi\u00e9rcoles inform\u00f3 sobre un paciente fallecido en Reconquista y 4 pacientes hospitalizados.<\/span><\/strong><\/p>\n\n\n\n<p>\u25fePositivos acumulados: 84<br>\u25fe1 Fallecido<br>\u25feSin casos positivos nuevos<br>\u25fe47 recuperados. 3 pacientes dados de alta.<br>\u25feActivos 29. 3 internados en centros de mayor complejidad, 1 en el SAMCo. El resto en sus domicilios.<br>\u25feEn aislamiento: 75 personas<\/p>\n\n\n\n<p>Fuentes:<br>\u25ab\ufe0fComit\u00e9 Departamental de Emergencia por COVID-19.<br>\u25ab\ufe0fSAMCo Calchaqu\u00ed.<\/p>\n","protected":false},"excerpt":{"rendered":"<p>El reporte epidemiol\u00f3gico del mi\u00e9rcoles inform\u00f3 sobre un paciente fallecido en Reconquista y 4 pacientes hospitalizados.<\/p>\n","protected":false},"author":1,"featured_media":11755,"comment_status":"closed","ping_status":"open","sticky":false,"template":"","format":"standard","meta":[],"categories":[2,3,16,9],"tags":[],"_links":{"self":[{"href":"https:\/\/www.revistarescatados.com.ar\/web\/wp-json\/wp\/v2\/posts\/11855"}],"collection":[{"href":"https:\/\/www.revistarescatados.com.ar\/web\/wp-json\/wp\/v2\/posts"}],"about":[{"href":"https:\/\/www.revistarescatados.com.ar\/web\/wp-json\/wp\/v2\/types\/post"}],"author":[{"embeddable":true,"href":"https:\/\/www.revistarescatados.com.ar\/web\/wp-json\/wp\/v2\/users\/1"}],"replies":[{"embeddable":true,"href":"https:\/\/www.revistarescatados.com.ar\/web\/wp-json\/wp\/v2\/comments?post=11855"}],"version-history":[{"count":1,"href":"https:\/\/www.revistarescatados.com.ar\/web\/wp-json\/wp\/v2\/posts\/11855\/revisions"}],"predecessor-version":[{"id":11856,"href":"https:\/\/www.revistarescatados.com.ar\/web\/wp-json\/wp\/v2\/posts\/11855\/revisions\/11856"}],"wp:featuredmedia":[{"embeddable":true,"href":"https:\/\/www.revistarescatados.com.ar\/web\/wp-json\/wp\/v2\/media\/11755"}],"wp:attachment":[{"href":"https:\/\/www.revistarescatados.com.ar\/web\/wp-json\/wp\/v2\/media?parent=11855"}],"wp:term":[{"taxonomy":"category","embeddable":true,"href":"https:\/\/www.revistarescatados.com.ar\/web\/wp-json\/wp\/v2\/categories?post=11855"},{"taxonomy":"post_tag","embeddable":true,"href":"https:\/\/www.revistarescatados.com.ar\/web\/wp-json\/wp\/v2\/tags?post=11855"}],"curies":[{"name":"wp","href":"https:\/\/api.w.org\/{rel}","templated":true}]}}