{"id":11918,"date":"2020-11-30T17:55:28","date_gmt":"2020-11-30T20:55:28","guid":{"rendered":"http:\/\/www.revistarescatados.com.ar\/web\/?p=11918"},"modified":"2020-11-30T18:12:19","modified_gmt":"2020-11-30T21:12:19","slug":"declaran-de-interes-provincial-el-9o-congreso-estudiantil-de-la-eeso-no-233","status":"publish","type":"post","link":"https:\/\/www.revistarescatados.com.ar\/web\/2020\/11\/30\/declaran-de-interes-provincial-el-9o-congreso-estudiantil-de-la-eeso-no-233\/","title":{"rendered":"Declaran de inter\u00e9s provincial el 9\u00ba Congreso Estudiantil de la EESO N\u00ba 233"},"content":{"rendered":"\n<figure class=\"wp-block-image size-large\"><img loading=\"lazy\" width=\"717\" height=\"1024\" src=\"http:\/\/www.revistarescatados.com.ar\/web\/wp-content\/uploads\/2020\/11\/Declaracion-Tu-voz-tu-palabra-717x1024.jpg\" alt=\"\" class=\"wp-image-11919\" srcset=\"https:\/\/www.revistarescatados.com.ar\/web\/wp-content\/uploads\/2020\/11\/Declaracion-Tu-voz-tu-palabra-717x1024.jpg 717w, https:\/\/www.revistarescatados.com.ar\/web\/wp-content\/uploads\/2020\/11\/Declaracion-Tu-voz-tu-palabra-210x300.jpg 210w, https:\/\/www.revistarescatados.com.ar\/web\/wp-content\/uploads\/2020\/11\/Declaracion-Tu-voz-tu-palabra-768x1097.jpg 768w, https:\/\/www.revistarescatados.com.ar\/web\/wp-content\/uploads\/2020\/11\/Declaracion-Tu-voz-tu-palabra.jpg 896w\" sizes=\"(max-width: 717px) 100vw, 717px\" \/><\/figure>\n\n\n\n<p><strong><span class=\"has-inline-color has-vivid-red-color\">La declaraci\u00f3n de la c\u00e1mara baja fue a instancias de los diputados Bast\u00eda, Pullaro y Lifschitz. La novena edici\u00f3n virtual del congreso &#8220;Tu voz, tu palabra&#8221; se realiz\u00f3 durante noviembre y es un espacio de expresi\u00f3n del alumnado desde 2012.<\/span><\/strong><\/p>\n\n\n\n<p>La propuesta pedag\u00f3gica del Establecimiento Educativo de Nivel Secundario de Calchaqu\u00ed, que se realiz\u00f3 de manera virtual, en su novena edici\u00f3n, recibi\u00f3 el reconocimiento de la C\u00e1mara de Diputadas y Diputados de la Provincia de Santa Fe.<\/p>\n\n\n\n<p><br>La Declaraci\u00f3n de Inter\u00e9s del 9\u00b0 Congreso Estudiantil \u201cTu voz, tu palabra\u201d, se dio en la Sala de Sesiones de la C\u00e1mara de Diputadas y Diputados de la Provincia de Santa Fe, el d\u00eda 19 de noviembre de 2020 y est\u00e1 refrendada por el Presidente de la C\u00e1mara Baja, Miguel Lifschitz, por los Diputados Fabi\u00e1n Bast\u00eda y Maximiliano Pullaro y por el Secretario Parlamentario, Gustavo Puccini.<\/p>\n\n\n\n<p><br>El Congreso Estudiantil \u201cTu voz, tu palabra\u201d es un espacio pedag\u00f3gico y de expresi\u00f3n de los alumnos, que surgi\u00f3 en el a\u00f1o 2012 y que, desde all\u00ed, se realiz\u00f3 de manera ininterrumpida, incluso hasta en este 2020, en el que el encuentro debi\u00f3 hacerse de manera virtual<\/p>\n\n\n\n<figure class=\"wp-block-image size-large\"><img loading=\"lazy\" width=\"981\" height=\"398\" src=\"http:\/\/www.revistarescatados.com.ar\/web\/wp-content\/uploads\/2020\/11\/congreso.jpg\" alt=\"\" class=\"wp-image-11922\" srcset=\"https:\/\/www.revistarescatados.com.ar\/web\/wp-content\/uploads\/2020\/11\/congreso.jpg 981w, https:\/\/www.revistarescatados.com.ar\/web\/wp-content\/uploads\/2020\/11\/congreso-300x122.jpg 300w, https:\/\/www.revistarescatados.com.ar\/web\/wp-content\/uploads\/2020\/11\/congreso-768x312.jpg 768w\" sizes=\"(max-width: 981px) 100vw, 981px\" \/><\/figure>\n\n\n\n<p><br>En la novena edici\u00f3n de este congreso estudiantil, se expusieron temas como:<br>?\ufe0fExperiencias personales de cuarentena y aislamiento. Distintos aprendizajes.<br>?\ufe0fConservaci\u00f3n de alimentos.<br>?\ufe0f&#8221;Tecnolog\u00eda dukfit\u201d para la desinfecci\u00f3n y prevenci\u00f3n de COVID.<br>?\ufe0fLa qu\u00edmica de los productos de limpieza.<br>?\ufe0fMicroemprendimientos.<br>?\ufe0fComponentes qu\u00edmicos y procesos de elaboraci\u00f3n de alcohol en gel.<br>?\ufe0fPresentaci\u00f3n de trabajos de una alumna integrada y participaci\u00f3n de las docentes integradoras.<br>?\ufe0fRecorrido virtual \u201cConociendo Buenos Aires\u201d, realizado por 5to a\u00f1o.<br>?\ufe0fActividad F\u00edsica y Cuarentena.<br>?\ufe0fParticipaci\u00f3n en el Taller Virtual de escrituras del \u201cPlan Nacional de Lecturas\u201d.<\/p>\n\n\n\n<p><br>&#8220;Felicitamos a todos los que participaron y tomaron la palabra para presentarnos parte de lo aprendido este a\u00f1o tan particular&#8221;, indicaron desde la instituci\u00f3n.<\/p>\n","protected":false},"excerpt":{"rendered":"<p>La declaraci\u00f3n de la c\u00e1mara baja fue a instancias de los diputados Bast\u00eda, Pullaro y Lifschitz. La novena edici\u00f3n virtual del congreso &#8220;Tu voz, tu palabra&#8221; se realiz\u00f3 durante noviembre y es&#46;&#46;&#46;<\/p>\n","protected":false},"author":1,"featured_media":11921,"comment_status":"closed","ping_status":"open","sticky":false,"template":"","format":"standard","meta":[],"categories":[2,3,16,15],"tags":[],"_links":{"self":[{"href":"https:\/\/www.revistarescatados.com.ar\/web\/wp-json\/wp\/v2\/posts\/11918"}],"collection":[{"href":"https:\/\/www.revistarescatados.com.ar\/web\/wp-json\/wp\/v2\/posts"}],"about":[{"href":"https:\/\/www.revistarescatados.com.ar\/web\/wp-json\/wp\/v2\/types\/post"}],"author":[{"embeddable":true,"href":"https:\/\/www.revistarescatados.com.ar\/web\/wp-json\/wp\/v2\/users\/1"}],"replies":[{"embeddable":true,"href":"https:\/\/www.revistarescatados.com.ar\/web\/wp-json\/wp\/v2\/comments?post=11918"}],"version-history":[{"count":3,"href":"https:\/\/www.revistarescatados.com.ar\/web\/wp-json\/wp\/v2\/posts\/11918\/revisions"}],"predecessor-version":[{"id":11925,"href":"https:\/\/www.revistarescatados.com.ar\/web\/wp-json\/wp\/v2\/posts\/11918\/revisions\/11925"}],"wp:featuredmedia":[{"embeddable":true,"href":"https:\/\/www.revistarescatados.com.ar\/web\/wp-json\/wp\/v2\/media\/11921"}],"wp:attachment":[{"href":"https:\/\/www.revistarescatados.com.ar\/web\/wp-json\/wp\/v2\/media?parent=11918"}],"wp:term":[{"taxonomy":"category","embeddable":true,"href":"https:\/\/www.revistarescatados.com.ar\/web\/wp-json\/wp\/v2\/categories?post=11918"},{"taxonomy":"post_tag","embeddable":true,"href":"https:\/\/www.revistarescatados.com.ar\/web\/wp-json\/wp\/v2\/tags?post=11918"}],"curies":[{"name":"wp","href":"https:\/\/api.w.org\/{rel}","templated":true}]}}