{"id":11946,"date":"2020-12-02T15:06:14","date_gmt":"2020-12-02T18:06:14","guid":{"rendered":"http:\/\/www.revistarescatados.com.ar\/web\/?p=11946"},"modified":"2020-12-02T15:06:16","modified_gmt":"2020-12-02T18:06:16","slug":"proyectan-eventos-al-aire-libre-en-el-anfiteatro-y-el-escenario-municipal-de-calchaqui","status":"publish","type":"post","link":"https:\/\/www.revistarescatados.com.ar\/web\/2020\/12\/02\/proyectan-eventos-al-aire-libre-en-el-anfiteatro-y-el-escenario-municipal-de-calchaqui\/","title":{"rendered":"Proyectan eventos al aire libre en el anfiteatro y el escenario municipal de Calchaqu\u00ed"},"content":{"rendered":"\n<figure class=\"wp-block-image size-large\"><img loading=\"lazy\" width=\"1024\" height=\"682\" src=\"http:\/\/www.revistarescatados.com.ar\/web\/wp-content\/uploads\/2020\/12\/Lonch-y-Cuello-1024x682.jpg\" alt=\"\" class=\"wp-image-11947\" srcset=\"https:\/\/www.revistarescatados.com.ar\/web\/wp-content\/uploads\/2020\/12\/Lonch-y-Cuello-1024x682.jpg 1024w, https:\/\/www.revistarescatados.com.ar\/web\/wp-content\/uploads\/2020\/12\/Lonch-y-Cuello-300x200.jpg 300w, https:\/\/www.revistarescatados.com.ar\/web\/wp-content\/uploads\/2020\/12\/Lonch-y-Cuello-768x512.jpg 768w, https:\/\/www.revistarescatados.com.ar\/web\/wp-content\/uploads\/2020\/12\/Lonch-y-Cuello.jpg 1280w\" sizes=\"(max-width: 1024px) 100vw, 1024px\" \/><\/figure>\n\n\n\n<p><strong><span class=\"has-inline-color has-vivid-red-color\">El Ministro de Cultura de la Provincia, Jorge Llonch, particip\u00f3 de una mesa de trabajo con el intendente, Rub\u00e9n Cuello, y la Secretaria de Desarrollo Social, Antonella Beltramino, para concretar la implementaci\u00f3n de programas culturales provinciales.<\/span><\/strong><\/p>\n\n\n\n<p>Uno de los Programas es Abiertos al Cielo. Teniendo en cuenta que el gobierno provincial habilit\u00f3 la presentaci\u00f3n de eventos culturales bajo protocolos, se planificar\u00e1n distintas presentaciones en el Anfiteatro Municipal y en el predio del Parque Prensa. <\/p>\n\n\n\n<p>El ministro Llonch tambi\u00e9n remarc\u00f3 que se est\u00e1 trabajando para que la UNESCO declare al Chamam\u00e9 como Patrimonio Inmaterial de la Humanidad, y esto ocasionar\u00e1 m\u00e1s apoyo y difusi\u00f3n en todo el territorio santafesino a este g\u00e9nero a trav\u00e9s de espect\u00e1culos musicales.<\/p>\n","protected":false},"excerpt":{"rendered":"<p>El Ministro de Cultura de la Provincia, Jorge Llonch, particip\u00f3 de una mesa de trabajo con el intendente, Rub\u00e9n Cuello, y la Secretaria de Desarrollo Social, Antonella Beltramino, para concretar la implementaci\u00f3n&#46;&#46;&#46;<\/p>\n","protected":false},"author":1,"featured_media":11947,"comment_status":"closed","ping_status":"open","sticky":false,"template":"","format":"standard","meta":[],"categories":[2,7,3,16],"tags":[],"_links":{"self":[{"href":"https:\/\/www.revistarescatados.com.ar\/web\/wp-json\/wp\/v2\/posts\/11946"}],"collection":[{"href":"https:\/\/www.revistarescatados.com.ar\/web\/wp-json\/wp\/v2\/posts"}],"about":[{"href":"https:\/\/www.revistarescatados.com.ar\/web\/wp-json\/wp\/v2\/types\/post"}],"author":[{"embeddable":true,"href":"https:\/\/www.revistarescatados.com.ar\/web\/wp-json\/wp\/v2\/users\/1"}],"replies":[{"embeddable":true,"href":"https:\/\/www.revistarescatados.com.ar\/web\/wp-json\/wp\/v2\/comments?post=11946"}],"version-history":[{"count":1,"href":"https:\/\/www.revistarescatados.com.ar\/web\/wp-json\/wp\/v2\/posts\/11946\/revisions"}],"predecessor-version":[{"id":11948,"href":"https:\/\/www.revistarescatados.com.ar\/web\/wp-json\/wp\/v2\/posts\/11946\/revisions\/11948"}],"wp:featuredmedia":[{"embeddable":true,"href":"https:\/\/www.revistarescatados.com.ar\/web\/wp-json\/wp\/v2\/media\/11947"}],"wp:attachment":[{"href":"https:\/\/www.revistarescatados.com.ar\/web\/wp-json\/wp\/v2\/media?parent=11946"}],"wp:term":[{"taxonomy":"category","embeddable":true,"href":"https:\/\/www.revistarescatados.com.ar\/web\/wp-json\/wp\/v2\/categories?post=11946"},{"taxonomy":"post_tag","embeddable":true,"href":"https:\/\/www.revistarescatados.com.ar\/web\/wp-json\/wp\/v2\/tags?post=11946"}],"curies":[{"name":"wp","href":"https:\/\/api.w.org\/{rel}","templated":true}]}}