{"id":12064,"date":"2020-12-11T23:50:01","date_gmt":"2020-12-12T02:50:01","guid":{"rendered":"http:\/\/www.revistarescatados.com.ar\/web\/?p=12064"},"modified":"2020-12-11T23:50:04","modified_gmt":"2020-12-12T02:50:04","slug":"levantaron-el-puesto-de-control-y-los-bloqueos-en-los-accesos-a-calchaqui","status":"publish","type":"post","link":"https:\/\/www.revistarescatados.com.ar\/web\/2020\/12\/11\/levantaron-el-puesto-de-control-y-los-bloqueos-en-los-accesos-a-calchaqui\/","title":{"rendered":"Levantaron el puesto de control y los bloqueos en los accesos a Calchaqu\u00ed"},"content":{"rendered":"\n<p><br><\/p>\n\n\n\n<figure class=\"wp-block-image size-large\"><img loading=\"lazy\" width=\"1024\" height=\"683\" src=\"http:\/\/www.revistarescatados.com.ar\/web\/wp-content\/uploads\/2020\/12\/Cuello-Mussin-1024x683.jpg\" alt=\"\" class=\"wp-image-12065\" srcset=\"https:\/\/www.revistarescatados.com.ar\/web\/wp-content\/uploads\/2020\/12\/Cuello-Mussin-1024x683.jpg 1024w, https:\/\/www.revistarescatados.com.ar\/web\/wp-content\/uploads\/2020\/12\/Cuello-Mussin-300x200.jpg 300w, https:\/\/www.revistarescatados.com.ar\/web\/wp-content\/uploads\/2020\/12\/Cuello-Mussin-768x512.jpg 768w, https:\/\/www.revistarescatados.com.ar\/web\/wp-content\/uploads\/2020\/12\/Cuello-Mussin-1536x1024.jpg 1536w, https:\/\/www.revistarescatados.com.ar\/web\/wp-content\/uploads\/2020\/12\/Cuello-Mussin.jpg 1620w\" sizes=\"(max-width: 1024px) 100vw, 1024px\" \/><\/figure>\n\n\n\n<p><strong><span class=\"has-inline-color has-vivid-red-color\">A partir de este viernes 11 se liberaron los ingresos a la ciudad y se perite el ingreso de turistas de la regi\u00f3n a la Laguna El Cristal. Las actividades habilitadas se pueden realizar hasta las 2 de la madrugada.<\/span><\/strong><\/p>\n\n\n\n<p>El intendente, Rub\u00e9n Cuello, y la Secretaria de la Producci\u00f3n, Joana Mussin, comunicaron el inicio de una nueva etapa de convivencia ante la situaci\u00f3n sanitaria.<\/p>\n\n\n\n<p><br>\u25feTodos los caminos de accesos van a ser habilitados a partir de hoy, se levantar\u00e1 el puesto de control y el Puerto Seco.<\/p>\n\n\n\n<p><br>\u25feEl horario de circulaci\u00f3n seguir\u00e1 siendo de 7.00 a 2.00 de lunes a domingos.<br><\/p>\n\n\n\n<p>\u25feEl ingreso a la laguna El Cristal estar\u00e1 habilitado tambi\u00e9n para los habitantes de otras localidades, quienes deber\u00e1n permanecer en grupos de hasta seis personas.<\/p>\n\n\n\n<p><br>\u25feTambi\u00e9n ser\u00e1n habilitados los Puntos de Encuentro en los espacios verdes, donde los postes indican la cantidad de personas que pueden reunirse en cada sector.<\/p>\n\n\n\n<p><br>Las autoridades hicieron hincapi\u00e9 nuevamente en el cumplimiento de los protocolos vigentes para poder controlar la situaci\u00f3n en esta emergencia sanitaria que estamos atravesando.<\/p>\n\n\n\n<p><strong>VIDEO:<\/strong> <a href=\"https:\/\/www.facebook.com\/rescatados.calchaqui.5\/videos\/1316250072060805\">https:\/\/www.facebook.com\/rescatados.calchaqui.5\/videos\/1316250072060805<\/a><\/p>\n","protected":false},"excerpt":{"rendered":"<p>A partir de este viernes 11 se liberaron los ingresos a la ciudad y se perite el ingreso de turistas de la regi\u00f3n a la Laguna El Cristal. Las actividades habilitadas se&#46;&#46;&#46;<\/p>\n","protected":false},"author":1,"featured_media":12065,"comment_status":"closed","ping_status":"open","sticky":false,"template":"","format":"standard","meta":[],"categories":[2,3,16,8],"tags":[],"_links":{"self":[{"href":"https:\/\/www.revistarescatados.com.ar\/web\/wp-json\/wp\/v2\/posts\/12064"}],"collection":[{"href":"https:\/\/www.revistarescatados.com.ar\/web\/wp-json\/wp\/v2\/posts"}],"about":[{"href":"https:\/\/www.revistarescatados.com.ar\/web\/wp-json\/wp\/v2\/types\/post"}],"author":[{"embeddable":true,"href":"https:\/\/www.revistarescatados.com.ar\/web\/wp-json\/wp\/v2\/users\/1"}],"replies":[{"embeddable":true,"href":"https:\/\/www.revistarescatados.com.ar\/web\/wp-json\/wp\/v2\/comments?post=12064"}],"version-history":[{"count":1,"href":"https:\/\/www.revistarescatados.com.ar\/web\/wp-json\/wp\/v2\/posts\/12064\/revisions"}],"predecessor-version":[{"id":12066,"href":"https:\/\/www.revistarescatados.com.ar\/web\/wp-json\/wp\/v2\/posts\/12064\/revisions\/12066"}],"wp:featuredmedia":[{"embeddable":true,"href":"https:\/\/www.revistarescatados.com.ar\/web\/wp-json\/wp\/v2\/media\/12065"}],"wp:attachment":[{"href":"https:\/\/www.revistarescatados.com.ar\/web\/wp-json\/wp\/v2\/media?parent=12064"}],"wp:term":[{"taxonomy":"category","embeddable":true,"href":"https:\/\/www.revistarescatados.com.ar\/web\/wp-json\/wp\/v2\/categories?post=12064"},{"taxonomy":"post_tag","embeddable":true,"href":"https:\/\/www.revistarescatados.com.ar\/web\/wp-json\/wp\/v2\/tags?post=12064"}],"curies":[{"name":"wp","href":"https:\/\/api.w.org\/{rel}","templated":true}]}}