{"id":12105,"date":"2020-12-14T23:53:14","date_gmt":"2020-12-15T02:53:14","guid":{"rendered":"http:\/\/www.revistarescatados.com.ar\/web\/?p=12105"},"modified":"2020-12-14T23:53:16","modified_gmt":"2020-12-15T02:53:16","slug":"confirmaron-en-segunda-instancia-la-prision-perpetua-impuesta-al-homicida-de-un-matrimonio-en-villa-guillermina","status":"publish","type":"post","link":"https:\/\/www.revistarescatados.com.ar\/web\/2020\/12\/14\/confirmaron-en-segunda-instancia-la-prision-perpetua-impuesta-al-homicida-de-un-matrimonio-en-villa-guillermina\/","title":{"rendered":"Confirmaron en segunda instancia la prisi\u00f3n perpetua impuesta al homicida de un matrimonio en Villa Guillermina"},"content":{"rendered":"\n<figure class=\"wp-block-image size-large\"><img loading=\"lazy\" width=\"800\" height=\"501\" src=\"http:\/\/www.revistarescatados.com.ar\/web\/wp-content\/uploads\/2019\/05\/Enzo-Ariel-G\u00f3mez-Serra.jpg\" alt=\"\" class=\"wp-image-5081\" srcset=\"https:\/\/www.revistarescatados.com.ar\/web\/wp-content\/uploads\/2019\/05\/Enzo-Ariel-G\u00f3mez-Serra.jpg 800w, https:\/\/www.revistarescatados.com.ar\/web\/wp-content\/uploads\/2019\/05\/Enzo-Ariel-G\u00f3mez-Serra-300x188.jpg 300w, https:\/\/www.revistarescatados.com.ar\/web\/wp-content\/uploads\/2019\/05\/Enzo-Ariel-G\u00f3mez-Serra-768x481.jpg 768w\" sizes=\"(max-width: 800px) 100vw, 800px\" \/><\/figure>\n\n\n\n<p><strong><span class=\"has-inline-color has-vivid-red-color\">As\u00ed lo resolvieron por mayor\u00eda los camaristas Eduardo Bernacchia y Jos\u00e9 Antonio M\u00e1ntaras. El condenado es Enzo Ariel G\u00f3mez Serra de 27 a\u00f1os. El fiscal que represent\u00f3 al MPA en la audiencia de apelaci\u00f3n es Norberto R\u00edos.<\/span><\/strong><\/p>\n\n\n\n<p>Un tribunal de segunda instancia de Vera confirm\u00f3 por mayor\u00eda la prisi\u00f3n perpetua impuesta a Enzo Ariel G\u00f3mez Serra como autor del homicidio de un matrimonio cometido en la localidad de Villa Guillermina (departamento General Obligado).<\/p>\n\n\n\n<p>La resoluci\u00f3n fue tomada por los camaristas Eduardo Bernacchia y Jos\u00e9 Antonio M\u00e1ntaras. El otro juez que integr\u00f3 el tribunal es Oscar Burtnik, quien se abstuvo de emitir su voto.<\/p>\n\n\n\n<p>El fiscal que investig\u00f3 los hechos y que represent\u00f3 al MPA en el juicio oral de primera instancia es Juan Carlos Koguc. El debate se realiz\u00f3 en mayo del a\u00f1o pasado en los tribunales de la ciudad de Las Toscas y fue presidido por los jueces Gustavo Gon, Mauricio Martelossi y Gonzalo Basualdo.<\/p>\n\n\n\n<p>En primera instancia, G\u00f3mez Serra -de 28 a\u00f1os- fue condenado a prisi\u00f3n perpetua como autor penalmente responsable de los delitos de doble homicidio agravado por alevos\u00eda y cr\u00edminis causae en concurso real con hurto.<\/p>\n\n\n\n<p>\u201cLos jueces de segunda instancia confirmaron las mismas calificaciones penales para el condenado\u201d, precis\u00f3 el fiscal que represent\u00f3 al MPA en la audiencia de apelaci\u00f3n, Norberto R\u00edos. Adem\u00e1s, detall\u00f3 que \u201cratificaron la absoluci\u00f3n de culpa y cargo de otro acusado en la causa, que hab\u00eda sido investigado por el delito de encubrimiento agravado\u201d.<\/p>\n\n\n\n<p><strong>Resoluci\u00f3n<\/strong><\/p>\n\n\n\n<p>\u201cLos jueces valoraron el plexo probatorio presentado por la Fiscal\u00eda y destacaron que fue analizado en conjunto y no de manera aislada, con circunstancias que acreditan que G\u00f3mez Serra fue autor del doble homicidio\u201d, subray\u00f3 el fiscal.<\/p>\n\n\n\n<p>R\u00edos refiri\u00f3 que \u201cen la audiencia tom\u00f3 relevancia la participaci\u00f3n del otro acusado en la causa, que acompa\u00f1\u00f3 al condenado a deshacerse del arma homicida y de otras pruebas\u201d. Acerca de esta cuesti\u00f3n, precis\u00f3 que \u201csi bien solicitamos que se le imponga una pena de seis a\u00f1os de prisi\u00f3n, los magistrados entendieron que el hombre no tuvo una participaci\u00f3n activa y que colabor\u00f3 luego para que se esclarezcan los hechos\u201d.<\/p>\n\n\n\n<p>\u201cEl tribunal reconoci\u00f3 que aunque la declaraci\u00f3n del acusado fue determinante, la autor\u00eda del hecho por parte del condenado se confirm\u00f3 con las pruebas cient\u00edficas, otros testimonios y el secuestro de elementos pertenecientes a las v\u00edctimas\u201d, sostuvo el funcionario del MPA.<\/p>\n\n\n\n<p><strong>Matrimonio<\/strong><\/p>\n\n\n\n<p>\u201cEl doble homicidio fue cometido el domingo 7 de agosto de 2016 en una vivienda que compart\u00edan Ram\u00f3n Argentino Rodr\u00edguez y Sara \u00c1ngela Cubecino, un matrimonio que viv\u00eda en calle Paran\u00e1 al 50 de Villa Guillermina\u201d, inform\u00f3 R\u00edos<\/p>\n\n\n\n<p>\u201cMinutos antes de las 3:00 de la madrugada, G\u00f3mez Serra ingres\u00f3 a la casa con la llave de la puerta principal, la que hab\u00eda sustra\u00eddo a la pareja d\u00edas antes en el supermercado que pose\u00edan y explotaban\u201d, relat\u00f3 el fiscal.<\/p>\n\n\n\n<p>El funcionario del MPA se\u00f1al\u00f3 que \u201cel condenado le dio muerte a las dos personas con un cuchillo de 12 cent\u00edmetros de mango y 19 cent\u00edmetros de hoja\u201d. En tal sentido, precis\u00f3 que \u201cRodr\u00edguez recibi\u00f3 un total de 40 pu\u00f1aladas, mientras que Cubecino sufri\u00f3 15. Ambos murieron a ra\u00edz de un shock hipovol\u00e9mico provocado por las heridas y lesiones punzocortantes\u201d.<\/p>\n\n\n\n<p>\u201cLuego de cometer el homicidio, G\u00f3mez Serra se apropi\u00f3 de la suma aproximada de 230 mil pesos en efectivo. Tambi\u00e9n se llev\u00f3 un malet\u00edn en el que hab\u00eda documentaci\u00f3n privada de las v\u00edctimas\u201d, detall\u00f3 el fiscal.<\/p>\n\n\n\n<p>\u201cCon el dinero sustra\u00eddo, el condenado adquiri\u00f3 muebles, electrodom\u00e9sticos un tel\u00e9fono m\u00f3vil marca Iphone, ropa y se realiz\u00f3 tatuajes en el cuerpo\u201d, inform\u00f3 el funcionario del MPA. Adem\u00e1s, agreg\u00f3 que \u201ccancel\u00f3 deudas con una inmobiliaria, con la Empresa Provincial de la Energ\u00eda y con casas de venta de electrodom\u00e9sticos\u201d, agreg\u00f3.<\/p>\n\n\n\n<p><strong>Hurto<\/strong><\/p>\n\n\n\n<p>Acerca del delito de hurto, el fiscal explic\u00f3 que \u201cfue cometido en horas de la madrugada del s\u00e1bado 26 de marzo de 2016 en una vivienda de Villa Guillermina, de donde sustrajo una notebook que luego fue secuestrada de su departamento en el marco de la investigaci\u00f3n por el doble homicidio\u201d.<\/p>\n","protected":false},"excerpt":{"rendered":"<p>As\u00ed lo resolvieron por mayor\u00eda los camaristas Eduardo Bernacchia y Jos\u00e9 Antonio M\u00e1ntaras. El condenado es Enzo Ariel G\u00f3mez Serra de 27 a\u00f1os. El fiscal que represent\u00f3 al MPA en la audiencia&#46;&#46;&#46;<\/p>\n","protected":false},"author":1,"featured_media":5081,"comment_status":"closed","ping_status":"open","sticky":false,"template":"","format":"standard","meta":[],"categories":[6,16,14,8],"tags":[],"_links":{"self":[{"href":"https:\/\/www.revistarescatados.com.ar\/web\/wp-json\/wp\/v2\/posts\/12105"}],"collection":[{"href":"https:\/\/www.revistarescatados.com.ar\/web\/wp-json\/wp\/v2\/posts"}],"about":[{"href":"https:\/\/www.revistarescatados.com.ar\/web\/wp-json\/wp\/v2\/types\/post"}],"author":[{"embeddable":true,"href":"https:\/\/www.revistarescatados.com.ar\/web\/wp-json\/wp\/v2\/users\/1"}],"replies":[{"embeddable":true,"href":"https:\/\/www.revistarescatados.com.ar\/web\/wp-json\/wp\/v2\/comments?post=12105"}],"version-history":[{"count":1,"href":"https:\/\/www.revistarescatados.com.ar\/web\/wp-json\/wp\/v2\/posts\/12105\/revisions"}],"predecessor-version":[{"id":12106,"href":"https:\/\/www.revistarescatados.com.ar\/web\/wp-json\/wp\/v2\/posts\/12105\/revisions\/12106"}],"wp:featuredmedia":[{"embeddable":true,"href":"https:\/\/www.revistarescatados.com.ar\/web\/wp-json\/wp\/v2\/media\/5081"}],"wp:attachment":[{"href":"https:\/\/www.revistarescatados.com.ar\/web\/wp-json\/wp\/v2\/media?parent=12105"}],"wp:term":[{"taxonomy":"category","embeddable":true,"href":"https:\/\/www.revistarescatados.com.ar\/web\/wp-json\/wp\/v2\/categories?post=12105"},{"taxonomy":"post_tag","embeddable":true,"href":"https:\/\/www.revistarescatados.com.ar\/web\/wp-json\/wp\/v2\/tags?post=12105"}],"curies":[{"name":"wp","href":"https:\/\/api.w.org\/{rel}","templated":true}]}}