{"id":12158,"date":"2020-12-16T15:21:53","date_gmt":"2020-12-16T18:21:53","guid":{"rendered":"http:\/\/www.revistarescatados.com.ar\/web\/?p=12158"},"modified":"2020-12-16T15:21:54","modified_gmt":"2020-12-16T18:21:54","slug":"ya-tiene-fecha-la-apertura-de-sobre-licitatorios-para-la-construccion-de-la-terminal-de-colectivos-en-calchaqui","status":"publish","type":"post","link":"https:\/\/www.revistarescatados.com.ar\/web\/2020\/12\/16\/ya-tiene-fecha-la-apertura-de-sobre-licitatorios-para-la-construccion-de-la-terminal-de-colectivos-en-calchaqui\/","title":{"rendered":"Ya tiene fecha la apertura de sobre licitatorios para la construcci\u00f3n de la terminal de colectivos en Calchaqu\u00ed"},"content":{"rendered":"\n<figure class=\"wp-block-image size-large is-resized\"><img loading=\"lazy\" src=\"http:\/\/www.revistarescatados.com.ar\/web\/wp-content\/uploads\/2018\/08\/calle-Juan-de-Garay-para-la-terminal-1024x683.jpg\" alt=\"\" class=\"wp-image-1408\" width=\"708\" height=\"472\" srcset=\"https:\/\/www.revistarescatados.com.ar\/web\/wp-content\/uploads\/2018\/08\/calle-Juan-de-Garay-para-la-terminal-1024x683.jpg 1024w, https:\/\/www.revistarescatados.com.ar\/web\/wp-content\/uploads\/2018\/08\/calle-Juan-de-Garay-para-la-terminal-300x200.jpg 300w, https:\/\/www.revistarescatados.com.ar\/web\/wp-content\/uploads\/2018\/08\/calle-Juan-de-Garay-para-la-terminal-768x512.jpg 768w, https:\/\/www.revistarescatados.com.ar\/web\/wp-content\/uploads\/2018\/08\/calle-Juan-de-Garay-para-la-terminal.jpg 1383w\" sizes=\"(max-width: 708px) 100vw, 708px\" \/><\/figure>\n\n\n\n<p><strong><span class=\"has-inline-color has-vivid-red-color\">\u201cSer\u00e1 el pr\u00f3ximo 30 de diciembre a las 11 horas en la sede de la Municipalidad de Calchaqu\u00ed, con la presencia de altos funcionarios provinciales\u201d, inform\u00f3 el intendente Rub\u00e9n Cuello.<\/span><\/strong><\/p>\n\n\n\n<p>Tal como lo adelantara nuestro medio, antes de fin de a\u00f1o el gobierno provincial licitar\u00e1 la construcci\u00f3n de la anhelada Estaci\u00f3n de \u00f3mnibus. As\u00ed lo confirm\u00f3 el intendente Rub\u00e9n Cuello, quien indic\u00f3 que ser\u00e1 el mi\u00e9rcoles 30 de diciembre a las 11 horas en un acto que posiblemente se llevar\u00e1 a cabo frente a la sede administrativa municipal. Para participar del acto podr\u00eda estar presente el gobernador Omar Perotti o la Ministra de infraestructura Silvina Frana.<\/p>\n\n\n\n<p>Hasta el momento ser\u00edan 5 los oferentes interesados en la construcci\u00f3n, de acuerdo al presupuesto y proyecto ejecutivo elaborado por t\u00e9cnicos del Ministerio de Infraestructura, servicios p\u00fablicos y h\u00e1bitat.<\/p>\n\n\n\n<p>La obra se emplazar\u00e1 en un predio ubicado a la vera de la ruta 11, detr\u00e1s del Hospital Ricardo Aldao. Ocupar\u00e1 una cuadra de la calle Juan de Garay, entre Tucum\u00e1n y Mitre, que ya fue destinado para tal fin por el gobierno municipal.<\/p>\n\n\n\n<p>Adem\u00e1s trascendi\u00f3 que se habr\u00eda aprobado una importante obra vial para el barrio San Cayetano, como tambi\u00e9n avances significativos para la construcci\u00f3n del edificio propio del Instituto Superior del Profesorado N\u00ba 66.<\/p>\n\n\n\n<p><\/p>\n","protected":false},"excerpt":{"rendered":"<p>\u201cSer\u00e1 el pr\u00f3ximo 30 de diciembre a las 11 horas en la sede de la Municipalidad de Calchaqu\u00ed, con la presencia de altos funcionarios provinciales\u201d, inform\u00f3 el intendente Rub\u00e9n Cuello. Tal como&#46;&#46;&#46;<\/p>\n","protected":false},"author":1,"featured_media":1408,"comment_status":"closed","ping_status":"closed","sticky":false,"template":"","format":"standard","meta":[],"categories":[2,3,16,10],"tags":[],"_links":{"self":[{"href":"https:\/\/www.revistarescatados.com.ar\/web\/wp-json\/wp\/v2\/posts\/12158"}],"collection":[{"href":"https:\/\/www.revistarescatados.com.ar\/web\/wp-json\/wp\/v2\/posts"}],"about":[{"href":"https:\/\/www.revistarescatados.com.ar\/web\/wp-json\/wp\/v2\/types\/post"}],"author":[{"embeddable":true,"href":"https:\/\/www.revistarescatados.com.ar\/web\/wp-json\/wp\/v2\/users\/1"}],"replies":[{"embeddable":true,"href":"https:\/\/www.revistarescatados.com.ar\/web\/wp-json\/wp\/v2\/comments?post=12158"}],"version-history":[{"count":1,"href":"https:\/\/www.revistarescatados.com.ar\/web\/wp-json\/wp\/v2\/posts\/12158\/revisions"}],"predecessor-version":[{"id":12159,"href":"https:\/\/www.revistarescatados.com.ar\/web\/wp-json\/wp\/v2\/posts\/12158\/revisions\/12159"}],"wp:featuredmedia":[{"embeddable":true,"href":"https:\/\/www.revistarescatados.com.ar\/web\/wp-json\/wp\/v2\/media\/1408"}],"wp:attachment":[{"href":"https:\/\/www.revistarescatados.com.ar\/web\/wp-json\/wp\/v2\/media?parent=12158"}],"wp:term":[{"taxonomy":"category","embeddable":true,"href":"https:\/\/www.revistarescatados.com.ar\/web\/wp-json\/wp\/v2\/categories?post=12158"},{"taxonomy":"post_tag","embeddable":true,"href":"https:\/\/www.revistarescatados.com.ar\/web\/wp-json\/wp\/v2\/tags?post=12158"}],"curies":[{"name":"wp","href":"https:\/\/api.w.org\/{rel}","templated":true}]}}