{"id":12162,"date":"2020-12-18T01:51:33","date_gmt":"2020-12-18T04:51:33","guid":{"rendered":"http:\/\/www.revistarescatados.com.ar\/web\/?p=12162"},"modified":"2020-12-18T01:51:35","modified_gmt":"2020-12-18T04:51:35","slug":"la-comuna-de-la-penca-cumplio-90-anos","status":"publish","type":"post","link":"https:\/\/www.revistarescatados.com.ar\/web\/2020\/12\/18\/la-comuna-de-la-penca-cumplio-90-anos\/","title":{"rendered":"La Comuna de La Penca cumpli\u00f3 90 a\u00f1os"},"content":{"rendered":"\n<figure class=\"wp-block-image size-large is-resized\"><img loading=\"lazy\" src=\"http:\/\/www.revistarescatados.com.ar\/web\/wp-content\/uploads\/2020\/12\/comuna-de-La-Penca.jpg\" alt=\"\" class=\"wp-image-12163\" width=\"679\" height=\"478\" srcset=\"https:\/\/www.revistarescatados.com.ar\/web\/wp-content\/uploads\/2020\/12\/comuna-de-La-Penca.jpg 494w, https:\/\/www.revistarescatados.com.ar\/web\/wp-content\/uploads\/2020\/12\/comuna-de-La-Penca-300x211.jpg 300w\" sizes=\"(max-width: 679px) 100vw, 679px\" \/><\/figure>\n\n\n\n<p><strong><span class=\"has-inline-color has-vivid-red-color\">La creaci\u00f3n de la Comuna el 16 de diciembre de 1930, sent\u00f3 las bases de la organizaci\u00f3n institucional en LA PENCA, y marc\u00f3 el inicio de su consolidaci\u00f3n territorial.<\/span><\/strong><\/p>\n\n\n\n<p>Con motivo de tan grato aniversario, hacemos llegar un afectuoso saludo a vecinos, autoridades e instituciones de esta progresista y laboriosa comunidad.<\/p>\n\n\n\n<p>SENADOR RODRIGO BORLA<\/p>\n\n\n\n<p>DIPUTADO FABI\u00c1N BASTIA<\/p>\n","protected":false},"excerpt":{"rendered":"<p>La creaci\u00f3n de la Comuna el 16 de diciembre de 1930, sent\u00f3 las bases de la organizaci\u00f3n institucional en LA PENCA, y marc\u00f3 el inicio de su consolidaci\u00f3n territorial. Con motivo de&#46;&#46;&#46;<\/p>\n","protected":false},"author":1,"featured_media":12163,"comment_status":"closed","ping_status":"closed","sticky":false,"template":"","format":"standard","meta":[],"categories":[4,16,10],"tags":[],"_links":{"self":[{"href":"https:\/\/www.revistarescatados.com.ar\/web\/wp-json\/wp\/v2\/posts\/12162"}],"collection":[{"href":"https:\/\/www.revistarescatados.com.ar\/web\/wp-json\/wp\/v2\/posts"}],"about":[{"href":"https:\/\/www.revistarescatados.com.ar\/web\/wp-json\/wp\/v2\/types\/post"}],"author":[{"embeddable":true,"href":"https:\/\/www.revistarescatados.com.ar\/web\/wp-json\/wp\/v2\/users\/1"}],"replies":[{"embeddable":true,"href":"https:\/\/www.revistarescatados.com.ar\/web\/wp-json\/wp\/v2\/comments?post=12162"}],"version-history":[{"count":1,"href":"https:\/\/www.revistarescatados.com.ar\/web\/wp-json\/wp\/v2\/posts\/12162\/revisions"}],"predecessor-version":[{"id":12164,"href":"https:\/\/www.revistarescatados.com.ar\/web\/wp-json\/wp\/v2\/posts\/12162\/revisions\/12164"}],"wp:featuredmedia":[{"embeddable":true,"href":"https:\/\/www.revistarescatados.com.ar\/web\/wp-json\/wp\/v2\/media\/12163"}],"wp:attachment":[{"href":"https:\/\/www.revistarescatados.com.ar\/web\/wp-json\/wp\/v2\/media?parent=12162"}],"wp:term":[{"taxonomy":"category","embeddable":true,"href":"https:\/\/www.revistarescatados.com.ar\/web\/wp-json\/wp\/v2\/categories?post=12162"},{"taxonomy":"post_tag","embeddable":true,"href":"https:\/\/www.revistarescatados.com.ar\/web\/wp-json\/wp\/v2\/tags?post=12162"}],"curies":[{"name":"wp","href":"https:\/\/api.w.org\/{rel}","templated":true}]}}