{"id":12165,"date":"2020-12-18T01:57:51","date_gmt":"2020-12-18T04:57:51","guid":{"rendered":"http:\/\/www.revistarescatados.com.ar\/web\/?p=12165"},"modified":"2020-12-18T02:11:40","modified_gmt":"2020-12-18T05:11:40","slug":"este-viernes-s-acreditan-los-fondos-de-la-tarjeta-unica-de-ciudadania","status":"publish","type":"post","link":"https:\/\/www.revistarescatados.com.ar\/web\/2020\/12\/18\/este-viernes-s-acreditan-los-fondos-de-la-tarjeta-unica-de-ciudadania\/","title":{"rendered":"Este viernes s acreditan los fondos de la Tarjeta \u00danica de Ciudadan\u00eda"},"content":{"rendered":"\n<figure class=\"wp-block-image size-large\"><img loading=\"lazy\" width=\"1024\" height=\"576\" src=\"http:\/\/www.revistarescatados.com.ar\/web\/wp-content\/uploads\/2018\/06\/NUEVA-Tarjeta-\u00danica-de-Ciudadan\u00eda-2016-1024x576.jpeg\" alt=\"\" class=\"wp-image-898\" srcset=\"https:\/\/www.revistarescatados.com.ar\/web\/wp-content\/uploads\/2018\/06\/NUEVA-Tarjeta-\u00danica-de-Ciudadan\u00eda-2016-1024x576.jpeg 1024w, https:\/\/www.revistarescatados.com.ar\/web\/wp-content\/uploads\/2018\/06\/NUEVA-Tarjeta-\u00danica-de-Ciudadan\u00eda-2016-300x169.jpeg 300w, https:\/\/www.revistarescatados.com.ar\/web\/wp-content\/uploads\/2018\/06\/NUEVA-Tarjeta-\u00danica-de-Ciudadan\u00eda-2016-768x432.jpeg 768w, https:\/\/www.revistarescatados.com.ar\/web\/wp-content\/uploads\/2018\/06\/NUEVA-Tarjeta-\u00danica-de-Ciudadan\u00eda-2016.jpeg 1920w\" sizes=\"(max-width: 1024px) 100vw, 1024px\" \/><\/figure>\n\n\n\n<p><strong><span class=\"has-inline-color has-vivid-red-color\">El Ministerio de Desarrollo Social, a trav\u00e9s de la Direcci\u00f3n Provincial Programa Alimentario, informa que a partir del viernes 18 estar\u00e1n acreditados los fondos de la Tarjeta \u00danica de Ciudadan\u00eda correspondientes al mes de Diciembre, en todas las localidades de la provincia de Santa Fe.<\/span><\/strong><\/p>\n\n\n\n<p>Todos los beneficiarios recibir\u00e1n un refuerzo excepcional de fin de a\u00f1o, equivalente al 100%, en cada una de las categor\u00edas con las que cuenta el programa.<\/p>\n\n\n\n<p>Tambi\u00e9n, estar\u00e1n disponibles los fondos de la Tarjeta \u00danica de Ciudadan\u00eda, Componente Cel\u00edacos, correspondientes al mes de diciembre, en todas las localidades de la provincia de Santa Fe.<\/p>\n\n\n\n<p>Todos los beneficiarios con celiaqu\u00eda, que no cuentan con cobertura de obra social, percibir\u00e1n la acreditaci\u00f3n mensual, sumado a un refuerzo excepcional de fin de a\u00f1o que completar\u00e1 un monto total de $ 6.000.<\/p>\n\n\n\n<p>DERECHOS Y OBLIGACIONES<br>Asimismo, recordamos los derechos y obligaciones a las y los beneficiarios de la tarjeta:<\/p>\n\n\n\n<p>&lt;&lt; Presentar DNI<br>&lt;&lt; No existe la obligaci\u00f3n de gastar todo el monto en una sola compra y un solo comercio<br>&lt;&lt; Nadie puede retener la tarjeta<br>&lt;&lt; Debe exigirse el comprobarte de la compra con el saldo de la tarjeta<br>&lt;&lt; Puede realizarse la compra en cualquier comercio adherido a la red<br>&lt;&lt; El comerciante no puede recargar el precio por el uso de la tarjeta<\/p>\n\n\n\n<p>Ante cualquier irregularidad, debe realizarse la denuncia en la comuna o municipio correspondiente y, tambi\u00e9n, en el Ministerio de Desarrollo Social de Santa Fe, comunic\u00e1ndose al tel\u00e9fono (0342) 4579269 o a trav\u00e9s de www.santafe.gov.ar.<\/p>\n\n\n\n<p><strong>IMPORTANTE<\/strong><\/p>\n\n\n\n<p>A partir de este mes, todos los montos ser\u00e1n duplicados:<\/p>\n\n\n\n<p>$300 = 600<\/p>\n\n\n\n<p>$1000 = 2000 (chicos de 0 a 12 a\u00f1os y mayores de 65)<\/p>\n\n\n\n<p>$3000 = $6000 (cel\u00edacos).<\/p>\n\n\n\n<p> El plazo para reempadronarse ser\u00e1 hasta marzo<\/p>\n","protected":false},"excerpt":{"rendered":"<p>El Ministerio de Desarrollo Social, a trav\u00e9s de la Direcci\u00f3n Provincial Programa Alimentario, informa que a partir del viernes 18 estar\u00e1n acreditados los fondos de la Tarjeta \u00danica de Ciudadan\u00eda correspondientes al&#46;&#46;&#46;<\/p>\n","protected":false},"author":1,"featured_media":898,"comment_status":"closed","ping_status":"closed","sticky":false,"template":"","format":"standard","meta":[],"categories":[16,12,8],"tags":[],"_links":{"self":[{"href":"https:\/\/www.revistarescatados.com.ar\/web\/wp-json\/wp\/v2\/posts\/12165"}],"collection":[{"href":"https:\/\/www.revistarescatados.com.ar\/web\/wp-json\/wp\/v2\/posts"}],"about":[{"href":"https:\/\/www.revistarescatados.com.ar\/web\/wp-json\/wp\/v2\/types\/post"}],"author":[{"embeddable":true,"href":"https:\/\/www.revistarescatados.com.ar\/web\/wp-json\/wp\/v2\/users\/1"}],"replies":[{"embeddable":true,"href":"https:\/\/www.revistarescatados.com.ar\/web\/wp-json\/wp\/v2\/comments?post=12165"}],"version-history":[{"count":2,"href":"https:\/\/www.revistarescatados.com.ar\/web\/wp-json\/wp\/v2\/posts\/12165\/revisions"}],"predecessor-version":[{"id":12167,"href":"https:\/\/www.revistarescatados.com.ar\/web\/wp-json\/wp\/v2\/posts\/12165\/revisions\/12167"}],"wp:featuredmedia":[{"embeddable":true,"href":"https:\/\/www.revistarescatados.com.ar\/web\/wp-json\/wp\/v2\/media\/898"}],"wp:attachment":[{"href":"https:\/\/www.revistarescatados.com.ar\/web\/wp-json\/wp\/v2\/media?parent=12165"}],"wp:term":[{"taxonomy":"category","embeddable":true,"href":"https:\/\/www.revistarescatados.com.ar\/web\/wp-json\/wp\/v2\/categories?post=12165"},{"taxonomy":"post_tag","embeddable":true,"href":"https:\/\/www.revistarescatados.com.ar\/web\/wp-json\/wp\/v2\/tags?post=12165"}],"curies":[{"name":"wp","href":"https:\/\/api.w.org\/{rel}","templated":true}]}}