{"id":12245,"date":"2020-12-29T20:36:13","date_gmt":"2020-12-29T23:36:13","guid":{"rendered":"http:\/\/www.revistarescatados.com.ar\/web\/?p=12245"},"modified":"2020-12-29T20:36:15","modified_gmt":"2020-12-29T23:36:15","slug":"perotti-visitara-localidades-del-departamento-vera","status":"publish","type":"post","link":"https:\/\/www.revistarescatados.com.ar\/web\/2020\/12\/29\/perotti-visitara-localidades-del-departamento-vera\/","title":{"rendered":"Perotti visitar\u00e1 localidades del departamento Vera"},"content":{"rendered":"\n<figure class=\"wp-block-image size-large\"><img loading=\"lazy\" width=\"1024\" height=\"575\" src=\"http:\/\/www.revistarescatados.com.ar\/web\/wp-content\/uploads\/2020\/05\/perotti-1024x575.jpg\" alt=\"\" class=\"wp-image-9058\" srcset=\"https:\/\/www.revistarescatados.com.ar\/web\/wp-content\/uploads\/2020\/05\/perotti-1024x575.jpg 1024w, https:\/\/www.revistarescatados.com.ar\/web\/wp-content\/uploads\/2020\/05\/perotti-300x168.jpg 300w, https:\/\/www.revistarescatados.com.ar\/web\/wp-content\/uploads\/2020\/05\/perotti-768x431.jpg 768w, https:\/\/www.revistarescatados.com.ar\/web\/wp-content\/uploads\/2020\/05\/perotti.jpg 1140w\" sizes=\"(max-width: 1024px) 100vw, 1024px\" \/><\/figure>\n\n\n\n<p><strong><span class=\"has-inline-color has-vivid-red-color\">Este mi\u00e9rcoles, a las 9 horas, en la ciudad de Vera, entregar\u00e1 aportes a municipios y comunas del departamento. A las 11:30 encabezar\u00e1 la licitaci\u00f3n para la nueva terminal de \u00f3mnibus de Calchaqu\u00ed.<\/span><\/strong><\/p>\n\n\n\n<p>El gobernador Omar Perotti visitar\u00e1 este mi\u00e9rcoles localidades del departamento Vera.<\/p>\n\n\n\n<p>A las 9 horas entregar\u00e1 aportes a municipios y comunas del departamento. La actividad se llevar\u00e1 a cabo en el Club Social de Vera, ubicado en San Mart\u00edn 1752.<\/p>\n\n\n\n<p>En tanto, a las 11:30 horas, el gobernador encabezar\u00e1 la apertura de sobres con las ofertas econ\u00f3micas para la construcci\u00f3n de una nueva Estaci\u00f3n Terminal de \u00d3mnibus en Calchaqu\u00ed. La obra tendr\u00e1 un plazo de ejecuci\u00f3n de ocho meses y un presupuesto que supera los 170 millones de pesos. El acto se realizar\u00e1 en la Municipalidad de Calchaqu\u00ed, ubicada en calle Roque S\u00e1enz Pe\u00f1a N\u00b0 1115.<\/p>\n\n\n\n<p>Participar\u00e1n de las actividades la ministra de Infraestructura, Servicios y H\u00e1bitat, Silvina Frana; el secretario de Integraci\u00f3n y Fortalecimiento Institucional, Jos\u00e9 Freyre; y el subsecretario de Comunas, Carlos Kaufmann.<\/p>\n","protected":false},"excerpt":{"rendered":"<p>Este mi\u00e9rcoles, a las 9 horas, en la ciudad de Vera, entregar\u00e1 aportes a municipios y comunas del departamento. A las 11:30 encabezar\u00e1 la licitaci\u00f3n para la nueva terminal de \u00f3mnibus de&#46;&#46;&#46;<\/p>\n","protected":false},"author":1,"featured_media":9058,"comment_status":"closed","ping_status":"closed","sticky":false,"template":"","format":"standard","meta":[],"categories":[2,3,16,10],"tags":[],"_links":{"self":[{"href":"https:\/\/www.revistarescatados.com.ar\/web\/wp-json\/wp\/v2\/posts\/12245"}],"collection":[{"href":"https:\/\/www.revistarescatados.com.ar\/web\/wp-json\/wp\/v2\/posts"}],"about":[{"href":"https:\/\/www.revistarescatados.com.ar\/web\/wp-json\/wp\/v2\/types\/post"}],"author":[{"embeddable":true,"href":"https:\/\/www.revistarescatados.com.ar\/web\/wp-json\/wp\/v2\/users\/1"}],"replies":[{"embeddable":true,"href":"https:\/\/www.revistarescatados.com.ar\/web\/wp-json\/wp\/v2\/comments?post=12245"}],"version-history":[{"count":1,"href":"https:\/\/www.revistarescatados.com.ar\/web\/wp-json\/wp\/v2\/posts\/12245\/revisions"}],"predecessor-version":[{"id":12246,"href":"https:\/\/www.revistarescatados.com.ar\/web\/wp-json\/wp\/v2\/posts\/12245\/revisions\/12246"}],"wp:featuredmedia":[{"embeddable":true,"href":"https:\/\/www.revistarescatados.com.ar\/web\/wp-json\/wp\/v2\/media\/9058"}],"wp:attachment":[{"href":"https:\/\/www.revistarescatados.com.ar\/web\/wp-json\/wp\/v2\/media?parent=12245"}],"wp:term":[{"taxonomy":"category","embeddable":true,"href":"https:\/\/www.revistarescatados.com.ar\/web\/wp-json\/wp\/v2\/categories?post=12245"},{"taxonomy":"post_tag","embeddable":true,"href":"https:\/\/www.revistarescatados.com.ar\/web\/wp-json\/wp\/v2\/tags?post=12245"}],"curies":[{"name":"wp","href":"https:\/\/api.w.org\/{rel}","templated":true}]}}