{"id":12278,"date":"2021-01-04T17:54:14","date_gmt":"2021-01-04T20:54:14","guid":{"rendered":"http:\/\/www.revistarescatados.com.ar\/web\/?p=12278"},"modified":"2021-01-04T17:54:16","modified_gmt":"2021-01-04T20:54:16","slug":"iniciaran-8-talleres-del-programa-santa-fe-mas-en-calchaqui","status":"publish","type":"post","link":"https:\/\/www.revistarescatados.com.ar\/web\/2021\/01\/04\/iniciaran-8-talleres-del-programa-santa-fe-mas-en-calchaqui\/","title":{"rendered":"Iniciar\u00e1n 8 talleres del programa &#8220;Santa Fe M\u00e1s&#8221; en Calchaqu\u00ed"},"content":{"rendered":"\n<p> <br><\/p>\n\n\n\n<figure class=\"wp-block-image size-large\"><img loading=\"lazy\" width=\"1024\" height=\"682\" src=\"http:\/\/www.revistarescatados.com.ar\/web\/wp-content\/uploads\/2021\/01\/reunion-santa-fe-mas-1024x682.jpg\" alt=\"\" class=\"wp-image-12279\" srcset=\"https:\/\/www.revistarescatados.com.ar\/web\/wp-content\/uploads\/2021\/01\/reunion-santa-fe-mas-1024x682.jpg 1024w, https:\/\/www.revistarescatados.com.ar\/web\/wp-content\/uploads\/2021\/01\/reunion-santa-fe-mas-300x200.jpg 300w, https:\/\/www.revistarescatados.com.ar\/web\/wp-content\/uploads\/2021\/01\/reunion-santa-fe-mas-768x512.jpg 768w, https:\/\/www.revistarescatados.com.ar\/web\/wp-content\/uploads\/2021\/01\/reunion-santa-fe-mas.jpg 1396w\" sizes=\"(max-width: 1024px) 100vw, 1024px\" \/><\/figure>\n\n\n\n<p><strong><span class=\"has-inline-color has-vivid-red-color\">El municipio ultima los detalles ante el inminente inicio.<\/span><\/strong> <strong><span class=\"has-inline-color has-vivid-red-color\">Las capacitaciones ser\u00e1n sobre cocina, huerta, alba\u00f1iler\u00eda, electricidad y costura. Contar\u00e1n con un cupo de 15 j\u00f3venes en situaci\u00f3n de vulnerabilidad social. <\/span><\/strong><\/p>\n\n\n\n<p>Talleristas y acompa\u00f1antes del programa provincial se reunieron con la Secretaria de Desarrollo Social, Antonella Beltramino, y con el Secretario Institucional, Adrian Spreggero, para ultimar los detalles de su puesta en marcha en los pr\u00f3ximos d\u00edas.<\/p>\n\n\n\n<p><br>Se implementar\u00e1n ocho talleres socio-productivos que cuentan con 15 beneficiarios cada uno. Los participantes son j\u00f3venes en situaci\u00f3n de vulnerabilidad social.<\/p>\n\n\n\n<p><br>Los talleres son: uno de Cocina para Cel\u00edacos, dos de Huerta, uno de Alba\u00f1iler\u00eda, dos de Electricidad, uno de Cocina y uno de Costura.<\/p>\n\n\n\n<p><br>Santa Fe M\u00e1s plantea un recorrido formativo educativo brind\u00e1ndoles a los j\u00f3venes herramientas para la inserci\u00f3n en el mundo del trabajo.<\/p>\n","protected":false},"excerpt":{"rendered":"<p>El municipio ultima los detalles ante el inminente inicio. Las capacitaciones ser\u00e1n sobre cocina, huerta, alba\u00f1iler\u00eda, electricidad y costura. Contar\u00e1n con un cupo de 15 j\u00f3venes en situaci\u00f3n de vulnerabilidad social. Talleristas&#46;&#46;&#46;<\/p>\n","protected":false},"author":1,"featured_media":12279,"comment_status":"closed","ping_status":"closed","sticky":false,"template":"","format":"standard","meta":[],"categories":[2,3,16,8],"tags":[],"_links":{"self":[{"href":"https:\/\/www.revistarescatados.com.ar\/web\/wp-json\/wp\/v2\/posts\/12278"}],"collection":[{"href":"https:\/\/www.revistarescatados.com.ar\/web\/wp-json\/wp\/v2\/posts"}],"about":[{"href":"https:\/\/www.revistarescatados.com.ar\/web\/wp-json\/wp\/v2\/types\/post"}],"author":[{"embeddable":true,"href":"https:\/\/www.revistarescatados.com.ar\/web\/wp-json\/wp\/v2\/users\/1"}],"replies":[{"embeddable":true,"href":"https:\/\/www.revistarescatados.com.ar\/web\/wp-json\/wp\/v2\/comments?post=12278"}],"version-history":[{"count":1,"href":"https:\/\/www.revistarescatados.com.ar\/web\/wp-json\/wp\/v2\/posts\/12278\/revisions"}],"predecessor-version":[{"id":12280,"href":"https:\/\/www.revistarescatados.com.ar\/web\/wp-json\/wp\/v2\/posts\/12278\/revisions\/12280"}],"wp:featuredmedia":[{"embeddable":true,"href":"https:\/\/www.revistarescatados.com.ar\/web\/wp-json\/wp\/v2\/media\/12279"}],"wp:attachment":[{"href":"https:\/\/www.revistarescatados.com.ar\/web\/wp-json\/wp\/v2\/media?parent=12278"}],"wp:term":[{"taxonomy":"category","embeddable":true,"href":"https:\/\/www.revistarescatados.com.ar\/web\/wp-json\/wp\/v2\/categories?post=12278"},{"taxonomy":"post_tag","embeddable":true,"href":"https:\/\/www.revistarescatados.com.ar\/web\/wp-json\/wp\/v2\/tags?post=12278"}],"curies":[{"name":"wp","href":"https:\/\/api.w.org\/{rel}","templated":true}]}}