{"id":12567,"date":"2021-01-28T16:34:03","date_gmt":"2021-01-28T19:34:03","guid":{"rendered":"http:\/\/www.revistarescatados.com.ar\/web\/?p=12567"},"modified":"2021-01-28T16:34:09","modified_gmt":"2021-01-28T19:34:09","slug":"distribuyen-casi-4-millones-de-pesos-del-fae-entre-19-escuelas-de-calchaqui","status":"publish","type":"post","link":"https:\/\/www.revistarescatados.com.ar\/web\/2021\/01\/28\/distribuyen-casi-4-millones-de-pesos-del-fae-entre-19-escuelas-de-calchaqui\/","title":{"rendered":"Distribuyen casi 4 millones de pesos del FAE entre 19 escuelas de Calchaqu\u00ed"},"content":{"rendered":"\n<figure class=\"wp-block-image size-large\"><img loading=\"lazy\" width=\"1024\" height=\"774\" src=\"http:\/\/www.revistarescatados.com.ar\/web\/wp-content\/uploads\/2021\/01\/FAE-1024x774.jpg\" alt=\"\" class=\"wp-image-12568\" srcset=\"https:\/\/www.revistarescatados.com.ar\/web\/wp-content\/uploads\/2021\/01\/FAE-1024x774.jpg 1024w, https:\/\/www.revistarescatados.com.ar\/web\/wp-content\/uploads\/2021\/01\/FAE-300x227.jpg 300w, https:\/\/www.revistarescatados.com.ar\/web\/wp-content\/uploads\/2021\/01\/FAE-768x580.jpg 768w, https:\/\/www.revistarescatados.com.ar\/web\/wp-content\/uploads\/2021\/01\/FAE.jpg 1220w\" sizes=\"(max-width: 1024px) 100vw, 1024px\" \/><\/figure>\n\n\n\n<p><strong><span class=\"has-inline-color has-vivid-red-color\">En la ma\u00f1ana del jueves, el intendente Rub\u00e9n Cuello hizo entrega del Fondo de Asistencia Educativa (FAE) , correspondientes al a\u00f1o 2019. Las escuelas urbanas recibir\u00e1n $290.000 y las rurales $120.000 cada una.<\/span><\/strong><\/p>\n\n\n\n<p><br>Los 19 establecimientos educativos del distrito Calchaqu\u00ed recibir\u00e1n un total de $3.980.000 correspondiente al FAE. El monto que recibir\u00e1 cada establecimiento ser\u00e1 de $290.000 para las escuelas urbanas y de $120.000 para las rurales.<\/p>\n\n\n\n<p><strong><a href=\"https:\/\/www.facebook.com\/rescatados.calchaqui.5\/videos\/728133308075507\" target=\"_blank\" rel=\"noreferrer noopener\">VIDEO: https:\/\/www.facebook.com\/rescatados.calchaqui.5\/videos\/728133308075507<\/a><\/strong><\/p>\n\n\n\n<p><br>El intendente hizo entrega del cheque a la Escuela N\u00b06117, en representaci\u00f3n de las dem\u00e1s instituciones que los recibir\u00e1n en los pr\u00f3ximos d\u00edas.<\/p>\n\n\n\n<p><br>La finalidad del Fondo de Asistencia Educativa (FAE) es asegurar el mantenimiento, ampliaci\u00f3n y construcci\u00f3n de los edificios escolares y contribuir a su equipamiento.<\/p>\n","protected":false},"excerpt":{"rendered":"<p>En la ma\u00f1ana del jueves, el intendente Rub\u00e9n Cuello hizo entrega del Fondo de Asistencia Educativa (FAE) , correspondientes al a\u00f1o 2019. Las escuelas urbanas recibir\u00e1n $290.000 y las rurales $120.000 cada&#46;&#46;&#46;<\/p>\n","protected":false},"author":1,"featured_media":12568,"comment_status":"closed","ping_status":"closed","sticky":false,"template":"","format":"standard","meta":[],"categories":[2,3,16,15],"tags":[],"_links":{"self":[{"href":"https:\/\/www.revistarescatados.com.ar\/web\/wp-json\/wp\/v2\/posts\/12567"}],"collection":[{"href":"https:\/\/www.revistarescatados.com.ar\/web\/wp-json\/wp\/v2\/posts"}],"about":[{"href":"https:\/\/www.revistarescatados.com.ar\/web\/wp-json\/wp\/v2\/types\/post"}],"author":[{"embeddable":true,"href":"https:\/\/www.revistarescatados.com.ar\/web\/wp-json\/wp\/v2\/users\/1"}],"replies":[{"embeddable":true,"href":"https:\/\/www.revistarescatados.com.ar\/web\/wp-json\/wp\/v2\/comments?post=12567"}],"version-history":[{"count":1,"href":"https:\/\/www.revistarescatados.com.ar\/web\/wp-json\/wp\/v2\/posts\/12567\/revisions"}],"predecessor-version":[{"id":12569,"href":"https:\/\/www.revistarescatados.com.ar\/web\/wp-json\/wp\/v2\/posts\/12567\/revisions\/12569"}],"wp:featuredmedia":[{"embeddable":true,"href":"https:\/\/www.revistarescatados.com.ar\/web\/wp-json\/wp\/v2\/media\/12568"}],"wp:attachment":[{"href":"https:\/\/www.revistarescatados.com.ar\/web\/wp-json\/wp\/v2\/media?parent=12567"}],"wp:term":[{"taxonomy":"category","embeddable":true,"href":"https:\/\/www.revistarescatados.com.ar\/web\/wp-json\/wp\/v2\/categories?post=12567"},{"taxonomy":"post_tag","embeddable":true,"href":"https:\/\/www.revistarescatados.com.ar\/web\/wp-json\/wp\/v2\/tags?post=12567"}],"curies":[{"name":"wp","href":"https:\/\/api.w.org\/{rel}","templated":true}]}}